{"id":22508,"date":"2026-04-28T13:37:38","date_gmt":"2026-04-28T12:37:38","guid":{"rendered":"https:\/\/www.vs-seubersdorf.de\/schulpage\/?p=22508"},"modified":"2026-04-28T13:37:38","modified_gmt":"2026-04-28T12:37:38","slug":"raetseln-lesen-staunen-der-fliegende-klassenscooter-begeistert-am-welttag-des-buches","status":"publish","type":"post","link":"https:\/\/www.vs-seubersdorf.de\/schulpage\/?p=22508","title":{"rendered":"R\u00e4tseln, lesen, staunen: Der \u201efliegende Klassenscooter\u201c begeistert am Welttag des Buches"},"content":{"rendered":"<p>Am 23.04.26 war es wieder soweit. Rund 3000 Buchhandlungen in ganz Deutschland verschenkten \u00fcber 1,1 Millionen B\u00fccher an Viert- und F\u00fcnftkl\u00e4ssler. Auch die Buchhandlung \u201eBuchfink\u201c aus Parsberg lie\u00df es sich nicht nehmen und \u00fcberreichte dem Klassleiter der 5. Jahrgangsstufe einen Karton mit den B\u00fcchern und zus\u00e4tzlichen Materialien zur Lekt\u00fcre. \u201eIch schenk dir eine Geschichte\u201c ist eine gemeinsame Aktion von Buchhandel, Stiftung Lesen, Stiftung Buchkultur, Deutsche Post AG und DHL, cbj Verlag und dem ZDF. Heuer bekamen die F\u00fcnftkl\u00e4ssler unserer Schule den Comicroman \u201eDer fliegende Klassenscooter\u201c vom Autorenduo Andreas H\u00fcging und Angelika Niestrath. Darin erleben die drei Freunde Lisa, Orhan und Dennis spannende Abenteuer, indem sie aus Versehen in das Jahr 2176 reisen. Dort begegnet ihnen z.B. eine ihrer Erfindungen \u2026.<\/p>\n<p>Kaum war das Buch ausgeteilt, vertieften sich die meisten Kinder schon in die ersten Kapitel. Passend zur Geschichte gab es auch eine Schnitzeljagd mit Aufgaben zum Roman. Da es heuer schwierig war die Buchhandlung zu besuchen (es fahren bis Juli keine Z\u00fcge), wurde die Schnitzeljagd ausnahmsweise in der Schule durchgef\u00fchrt und nicht im Buchfink in Parsberg. Auch hier zeigte die Klasse 5 gro\u00dfe Motivation im L\u00f6sen der Aufgaben. Die F\u00fcnftkl\u00e4ssler bedanken sich nochmals recht herzlich bei der Chefin der Buchhandlung Frau Wegerer. (ch)<\/p>\n\n\t\t<style>\n\t\t\t#gallery-1 {\n\t\t\t\tmargin: auto;\n\t\t\t}\n\t\t\t#gallery-1 .gallery-item {\n\t\t\t\tfloat: left;\n\t\t\t\tmargin-top: 10px;\n\t\t\t\ttext-align: center;\n\t\t\t\twidth: 33%;\n\t\t\t}\n\t\t\t#gallery-1 img {\n\t\t\t\tborder: 2px solid #cfcfcf;\n\t\t\t}\n\t\t\t#gallery-1 .gallery-caption {\n\t\t\t\tmargin-left: 0;\n\t\t\t}\n\t\t\t\/* see gallery_shortcode() in wp-includes\/media.php *\/\n\t\t<\/style>\n\t\t<div id='gallery-1' class='gallery galleryid-22508 gallery-columns-3 gallery-size-thumbnail'><dl class='gallery-item'>\n\t\t\t<dt class='gallery-icon landscape'>\n\t\t\t\t<a href='https:\/\/www.vs-seubersdorf.de\/schulpage\/wp-content\/uploads\/2026\/04\/Welttag-des-Buches-001.jpg'><img width=\"300\" height=\"300\" src=\"https:\/\/www.vs-seubersdorf.de\/schulpage\/wp-content\/uploads\/2026\/04\/Welttag-des-Buches-001-300x300.jpg\" class=\"attachment-thumbnail size-thumbnail\" alt=\"\" decoding=\"async\" loading=\"lazy\" srcset=\"https:\/\/www.vs-seubersdorf.de\/schulpage\/wp-content\/uploads\/2026\/04\/Welttag-des-Buches-001-300x300.jpg 300w, https:\/\/www.vs-seubersdorf.de\/schulpage\/wp-content\/uploads\/2026\/04\/Welttag-des-Buches-001-80x80.jpg 80w, https:\/\/www.vs-seubersdorf.de\/schulpage\/wp-content\/uploads\/2026\/04\/Welttag-des-Buches-001-320x320.jpg 320w\" sizes=\"(max-width: 300px) 100vw, 300px\" \/><\/a>\n\t\t\t<\/dt><\/dl><dl class='gallery-item'>\n\t\t\t<dt class='gallery-icon landscape'>\n\t\t\t\t<a href='https:\/\/www.vs-seubersdorf.de\/schulpage\/wp-content\/uploads\/2026\/04\/Welttag-des-Buches-002.jpg'><img width=\"300\" height=\"300\" src=\"https:\/\/www.vs-seubersdorf.de\/schulpage\/wp-content\/uploads\/2026\/04\/Welttag-des-Buches-002-300x300.jpg\" class=\"attachment-thumbnail size-thumbnail\" alt=\"\" decoding=\"async\" loading=\"lazy\" srcset=\"https:\/\/www.vs-seubersdorf.de\/schulpage\/wp-content\/uploads\/2026\/04\/Welttag-des-Buches-002-300x300.jpg 300w, https:\/\/www.vs-seubersdorf.de\/schulpage\/wp-content\/uploads\/2026\/04\/Welttag-des-Buches-002-80x80.jpg 80w, https:\/\/www.vs-seubersdorf.de\/schulpage\/wp-content\/uploads\/2026\/04\/Welttag-des-Buches-002-320x320.jpg 320w\" sizes=\"(max-width: 300px) 100vw, 300px\" \/><\/a>\n\t\t\t<\/dt><\/dl><dl class='gallery-item'>\n\t\t\t<dt class='gallery-icon landscape'>\n\t\t\t\t<a href='https:\/\/www.vs-seubersdorf.de\/schulpage\/wp-content\/uploads\/2026\/04\/Welttag-des-Buches-003.jpg'><img width=\"300\" height=\"300\" src=\"https:\/\/www.vs-seubersdorf.de\/schulpage\/wp-content\/uploads\/2026\/04\/Welttag-des-Buches-003-300x300.jpg\" class=\"attachment-thumbnail size-thumbnail\" alt=\"\" decoding=\"async\" loading=\"lazy\" srcset=\"https:\/\/www.vs-seubersdorf.de\/schulpage\/wp-content\/uploads\/2026\/04\/Welttag-des-Buches-003-300x300.jpg 300w, https:\/\/www.vs-seubersdorf.de\/schulpage\/wp-content\/uploads\/2026\/04\/Welttag-des-Buches-003-80x80.jpg 80w, https:\/\/www.vs-seubersdorf.de\/schulpage\/wp-content\/uploads\/2026\/04\/Welttag-des-Buches-003-320x320.jpg 320w\" sizes=\"(max-width: 300px) 100vw, 300px\" \/><\/a>\n\t\t\t<\/dt><\/dl><br style=\"clear: both\" \/>\n\t\t<\/div>\n\n","protected":false},"excerpt":{"rendered":"<p>Am 23.04.26 war es wieder soweit. Rund 3000 Buchhandlungen in ganz Deutschland verschenkten \u00fcber 1,1 Millionen B\u00fccher an Viert- und&#46;&#46;&#46;<\/p>\n","protected":false},"author":2,"featured_media":22512,"comment_status":"closed","ping_status":"closed","sticky":false,"template":"","format":"image","meta":{"footnotes":""},"categories":[275],"tags":[313],"_links":{"self":[{"href":"https:\/\/www.vs-seubersdorf.de\/schulpage\/index.php?rest_route=\/wp\/v2\/posts\/22508"}],"collection":[{"href":"https:\/\/www.vs-seubersdorf.de\/schulpage\/index.php?rest_route=\/wp\/v2\/posts"}],"about":[{"href":"https:\/\/www.vs-seubersdorf.de\/schulpage\/index.php?rest_route=\/wp\/v2\/types\/post"}],"author":[{"embeddable":true,"href":"https:\/\/www.vs-seubersdorf.de\/schulpage\/index.php?rest_route=\/wp\/v2\/users\/2"}],"replies":[{"embeddable":true,"href":"https:\/\/www.vs-seubersdorf.de\/schulpage\/index.php?rest_route=%2Fwp%2Fv2%2Fcomments&post=22508"}],"version-history":[{"count":0,"href":"https:\/\/www.vs-seubersdorf.de\/schulpage\/index.php?rest_route=\/wp\/v2\/posts\/22508\/revisions"}],"wp:featuredmedia":[{"embeddable":true,"href":"https:\/\/www.vs-seubersdorf.de\/schulpage\/index.php?rest_route=\/wp\/v2\/media\/22512"}],"wp:attachment":[{"href":"https:\/\/www.vs-seubersdorf.de\/schulpage\/index.php?rest_route=%2Fwp%2Fv2%2Fmedia&parent=22508"}],"wp:term":[{"taxonomy":"category","embeddable":true,"href":"https:\/\/www.vs-seubersdorf.de\/schulpage\/index.php?rest_route=%2Fwp%2Fv2%2Fcategories&post=22508"},{"taxonomy":"post_tag","embeddable":true,"href":"https:\/\/www.vs-seubersdorf.de\/schulpage\/index.php?rest_route=%2Fwp%2Fv2%2Ftags&post=22508"}],"curies":[{"name":"wp","href":"https:\/\/api.w.org\/{rel}","templated":true}]}}