{"id":22506,"date":"2026-04-28T13:12:00","date_gmt":"2026-04-28T12:12:00","guid":{"rendered":"https:\/\/www.vs-seubersdorf.de\/schulpage\/?p=22506"},"modified":"2026-04-28T13:38:01","modified_gmt":"2026-04-28T12:38:01","slug":"yoga-im-offenen-ganztag-entspannung-und-bewegung-fuer-koerper-und-geist","status":"publish","type":"post","link":"https:\/\/www.vs-seubersdorf.de\/schulpage\/?p=22506","title":{"rendered":"Yoga im offenen Ganztag \u2013 Entspannung und Bewegung f\u00fcr K\u00f6rper und Geist"},"content":{"rendered":"<p>Im offenen Ganztag wurde dieses Mal ein ganz besonderes Projekt f\u00fcr die Kinder der 1. bis 4. Klasse angeboten: Yoga! Unter der Anleitung einer zertifizierten Yogalehrerin tauchten die Sch\u00fclerinnen und Sch\u00fcler spielerisch in die Welt der Bewegung, Achtsamkeit und Entspannung ein. Mit viel Freude lernten die Kinder verschiedene Yoga-Positionen kennen, darunter der Baum, der B\u00e4r und weitere \u00dcbungen aus der Tierwelt. Dabei konnten sie nicht nur ihren K\u00f6rper besser kennenlernen, sondern auch ihr Gleichgewicht, ihre Konzentration und ihre K\u00f6rperwahrnehmung st\u00e4rken. Ein besonderes Highlight war die anschlie\u00dfende Fantasiereise, bei der die Kinder in die Welt eines Schmetterlings eintauchten. In ruhiger Atmosph\u00e4re konnten sie entspannen, zur Ruhe kommen und die Eindr\u00fccke der Yogaeinheit nachwirken lassen. Das Projekt war f\u00fcr alle Beteiligten eine wertvolle Erfahrung und zeigte, wie wohltuend Yoga f\u00fcr K\u00f6rper und Geist sein kann. (am)<\/p>\n","protected":false},"excerpt":{"rendered":"<p>Im offenen Ganztag wurde dieses Mal ein ganz besonderes Projekt f\u00fcr die Kinder der 1. bis 4. Klasse angeboten: Yoga!&#46;&#46;&#46;<\/p>\n","protected":false},"author":2,"featured_media":22507,"comment_status":"closed","ping_status":"closed","sticky":false,"template":"","format":"image","meta":{"footnotes":""},"categories":[210],"tags":[],"_links":{"self":[{"href":"https:\/\/www.vs-seubersdorf.de\/schulpage\/index.php?rest_route=\/wp\/v2\/posts\/22506"}],"collection":[{"href":"https:\/\/www.vs-seubersdorf.de\/schulpage\/index.php?rest_route=\/wp\/v2\/posts"}],"about":[{"href":"https:\/\/www.vs-seubersdorf.de\/schulpage\/index.php?rest_route=\/wp\/v2\/types\/post"}],"author":[{"embeddable":true,"href":"https:\/\/www.vs-seubersdorf.de\/schulpage\/index.php?rest_route=\/wp\/v2\/users\/2"}],"replies":[{"embeddable":true,"href":"https:\/\/www.vs-seubersdorf.de\/schulpage\/index.php?rest_route=%2Fwp%2Fv2%2Fcomments&post=22506"}],"version-history":[{"count":0,"href":"https:\/\/www.vs-seubersdorf.de\/schulpage\/index.php?rest_route=\/wp\/v2\/posts\/22506\/revisions"}],"wp:featuredmedia":[{"embeddable":true,"href":"https:\/\/www.vs-seubersdorf.de\/schulpage\/index.php?rest_route=\/wp\/v2\/media\/22507"}],"wp:attachment":[{"href":"https:\/\/www.vs-seubersdorf.de\/schulpage\/index.php?rest_route=%2Fwp%2Fv2%2Fmedia&parent=22506"}],"wp:term":[{"taxonomy":"category","embeddable":true,"href":"https:\/\/www.vs-seubersdorf.de\/schulpage\/index.php?rest_route=%2Fwp%2Fv2%2Fcategories&post=22506"},{"taxonomy":"post_tag","embeddable":true,"href":"https:\/\/www.vs-seubersdorf.de\/schulpage\/index.php?rest_route=%2Fwp%2Fv2%2Ftags&post=22506"}],"curies":[{"name":"wp","href":"https:\/\/api.w.org\/{rel}","templated":true}]}}