{"id":22204,"date":"2025-11-25T12:33:09","date_gmt":"2025-11-25T11:33:09","guid":{"rendered":"https:\/\/www.vs-seubersdorf.de\/schulpage\/?p=22204"},"modified":"2025-11-25T14:26:16","modified_gmt":"2025-11-25T13:26:16","slug":"projekt-mehrwert-demokratie-gelebte-demokratieerfahrung-an-der-mittelschule","status":"publish","type":"post","link":"https:\/\/www.vs-seubersdorf.de\/schulpage\/?p=22204","title":{"rendered":"Projekt \u201eMehrwert Demokratie\u201c \u2013 gelebte Demokratieerfahrung an der Mittelschule"},"content":{"rendered":"<p>Im Oktober und November durfte die Mittelschule Seubersdorf eine besondere Form der politischen Bildung erleben: das Projekt \u201eMehrwert Demokratie\u201c. Zun\u00e4chst in einer Testphase mit der siebten Klasse erprobt, fand es sp\u00e4ter im vollen Umfang zusammen mit den Klassen M9a und M9b statt. In Zusammenarbeit mit der Gemeinde Seubersdorf, der Mittelschule Seubersdorf, der Valentum Kommunikation GmbH, dem Bayerischen Schulandheimwerk und der Jugendfeuerwehr entstand ein lebendiger Lernraum, in dem Demokratie nicht nur erkl\u00e4rt, sondern aktiv erfahrbar gemacht wurde.<\/p>\n<p>Im Zentrum stand die Frage: Wie wichtig ist Engagement f\u00fcr die Gemeinschaft \u2013 und wie wirkt Demokratie im wirklichen Leben? Die Sch\u00fclerinnen und Sch\u00fcler setzten sich intensiv mit Begriffen wie Partizipation, Heimat, Ehrenamt und Verantwortung auseinander. In einem realit\u00e4tsnahen Rollenspiel konnten sie selbst erleben, wie es ist, Entscheidungen zu treffen und f\u00fcr gewisse Interessen einzustehen. Hier nahmen die Jugendlichen verschiedene Rollen ein \u2013 von KLJB (Katholische Landjugendbewegung), Jugendfeuerwehr, Presse und Gemeinderat bis hin zur Gruppe \u201eJugend in Europa\u201c. Die Aufgaben waren breit gef\u00e4chert: So ging es beispielsweise um Fragen des Katastrophenschutzes oder um die Planung eines Sommerfestes, bei dem unterschiedliche Perspektiven und Bed\u00fcrfnisse ausbalanciert werden mussten. Die Sch\u00fclerinnen und Sch\u00fcler lernten dabei, Konflikte auszuhandeln, L\u00f6sungen zu diskutieren und Verantwortung zu \u00fcbernehmen \u2013 ganz so wie echte Entscheidungstr\u00e4ger im \u00f6ffentlichen Leben.<\/p>\n<p>Ein besonderer H\u00f6hepunkt war der Besuch von Finanz- und Heimatminister Albert F\u00fcracker am 17.11.2025, an unserer Schule. Sowohl die siebten als auch die neunten Klassen hatten im Vorfeld eigene Fragen formuliert, die der Minister offen und ausf\u00fchrlich beantwortete. In Bezug auf die Bedeutung von Wahlen sagte Albert F\u00fcracker eindr\u00fccklich: \u201eEgal, um was es geht \u2013 es wird sowieso abgestimmt. Aber ihr habt in der Hand, ob ihr mitreden wollt oder ob andere \u00fcber euch bestimmen.\u201c Damit verdeutlichte er, wie wichtig demokratische Teilhabe ist und ermutigte die Jugendlichen, gesellschaftliche Themen aktiv mitzugestalten. Die Gespr\u00e4chsrunde war lebendig, ehrlich und beeindruckend \u2013 die Themen reichten von pers\u00f6nlichem Engagement \u00fcber den politischen Alltag bis hin zu aktuellen Fragen wie Klimaschutz, Agrarpolitik und auch sicherheitspolitischen Aspekten. Der Austausch fand auf Augenh\u00f6he statt und hinterlie\u00df bei vielen Jugendlichen einen bleibenden Eindruck.<\/p>\n<p>Das Projekt \u201eMehrwert Demokratie\u201c hat gezeigt, wie wertvoll es ist, junge Menschen aktiv in demokratische Prozesse einzubeziehen. Nicht nur Wissen wurde vermittelt \u2013 vielmehr wurde Demokratie gef\u00fchlt, erlebt und verstanden. Ein herzliches Dankesch\u00f6n gilt allen beteiligten Partnern und Unterst\u00fctzern sowie unseren engagierten Sch\u00fclerinnen und Sch\u00fclern, die mit Offenheit, Neugier und Verantwortungsbewusstsein zeigten, wie gelebte Demokratie aussieht. (am)<\/p>\n\n\t\t<style>\n\t\t\t#gallery-1 {\n\t\t\t\tmargin: auto;\n\t\t\t}\n\t\t\t#gallery-1 .gallery-item {\n\t\t\t\tfloat: left;\n\t\t\t\tmargin-top: 10px;\n\t\t\t\ttext-align: center;\n\t\t\t\twidth: 33%;\n\t\t\t}\n\t\t\t#gallery-1 img {\n\t\t\t\tborder: 2px solid #cfcfcf;\n\t\t\t}\n\t\t\t#gallery-1 .gallery-caption {\n\t\t\t\tmargin-left: 0;\n\t\t\t}\n\t\t\t\/* see gallery_shortcode() in wp-includes\/media.php *\/\n\t\t<\/style>\n\t\t<div id='gallery-1' class='gallery galleryid-22204 gallery-columns-3 gallery-size-thumbnail'><dl class='gallery-item'>\n\t\t\t<dt class='gallery-icon landscape'>\n\t\t\t\t<a href='https:\/\/www.vs-seubersdorf.de\/schulpage\/wp-content\/uploads\/2025\/11\/MehrWertDemokratie-006.jpg'><img width=\"300\" height=\"300\" src=\"https:\/\/www.vs-seubersdorf.de\/schulpage\/wp-content\/uploads\/2025\/11\/MehrWertDemokratie-006-300x300.jpg\" class=\"attachment-thumbnail size-thumbnail\" alt=\"\" decoding=\"async\" loading=\"lazy\" srcset=\"https:\/\/www.vs-seubersdorf.de\/schulpage\/wp-content\/uploads\/2025\/11\/MehrWertDemokratie-006-300x300.jpg 300w, https:\/\/www.vs-seubersdorf.de\/schulpage\/wp-content\/uploads\/2025\/11\/MehrWertDemokratie-006-80x80.jpg 80w, https:\/\/www.vs-seubersdorf.de\/schulpage\/wp-content\/uploads\/2025\/11\/MehrWertDemokratie-006-320x320.jpg 320w\" sizes=\"(max-width: 300px) 100vw, 300px\" \/><\/a>\n\t\t\t<\/dt><\/dl><dl class='gallery-item'>\n\t\t\t<dt class='gallery-icon landscape'>\n\t\t\t\t<a href='https:\/\/www.vs-seubersdorf.de\/schulpage\/wp-content\/uploads\/2025\/11\/MehrWertDemokratie-001.jpg'><img width=\"300\" height=\"300\" src=\"https:\/\/www.vs-seubersdorf.de\/schulpage\/wp-content\/uploads\/2025\/11\/MehrWertDemokratie-001-300x300.jpg\" class=\"attachment-thumbnail size-thumbnail\" alt=\"\" decoding=\"async\" loading=\"lazy\" srcset=\"https:\/\/www.vs-seubersdorf.de\/schulpage\/wp-content\/uploads\/2025\/11\/MehrWertDemokratie-001-300x300.jpg 300w, https:\/\/www.vs-seubersdorf.de\/schulpage\/wp-content\/uploads\/2025\/11\/MehrWertDemokratie-001-80x80.jpg 80w, https:\/\/www.vs-seubersdorf.de\/schulpage\/wp-content\/uploads\/2025\/11\/MehrWertDemokratie-001-320x320.jpg 320w\" sizes=\"(max-width: 300px) 100vw, 300px\" \/><\/a>\n\t\t\t<\/dt><\/dl><dl class='gallery-item'>\n\t\t\t<dt class='gallery-icon landscape'>\n\t\t\t\t<a href='https:\/\/www.vs-seubersdorf.de\/schulpage\/wp-content\/uploads\/2025\/11\/MehrWertDemokratie-002.jpg'><img width=\"300\" height=\"300\" src=\"https:\/\/www.vs-seubersdorf.de\/schulpage\/wp-content\/uploads\/2025\/11\/MehrWertDemokratie-002-300x300.jpg\" class=\"attachment-thumbnail size-thumbnail\" alt=\"\" decoding=\"async\" loading=\"lazy\" srcset=\"https:\/\/www.vs-seubersdorf.de\/schulpage\/wp-content\/uploads\/2025\/11\/MehrWertDemokratie-002-300x300.jpg 300w, https:\/\/www.vs-seubersdorf.de\/schulpage\/wp-content\/uploads\/2025\/11\/MehrWertDemokratie-002-80x80.jpg 80w, https:\/\/www.vs-seubersdorf.de\/schulpage\/wp-content\/uploads\/2025\/11\/MehrWertDemokratie-002-320x320.jpg 320w\" sizes=\"(max-width: 300px) 100vw, 300px\" \/><\/a>\n\t\t\t<\/dt><\/dl><br style=\"clear: both\" \/><dl class='gallery-item'>\n\t\t\t<dt class='gallery-icon landscape'>\n\t\t\t\t<a href='https:\/\/www.vs-seubersdorf.de\/schulpage\/wp-content\/uploads\/2025\/11\/MehrWertDemokratie-003.jpg'><img width=\"300\" height=\"300\" src=\"https:\/\/www.vs-seubersdorf.de\/schulpage\/wp-content\/uploads\/2025\/11\/MehrWertDemokratie-003-300x300.jpg\" class=\"attachment-thumbnail size-thumbnail\" alt=\"\" decoding=\"async\" loading=\"lazy\" srcset=\"https:\/\/www.vs-seubersdorf.de\/schulpage\/wp-content\/uploads\/2025\/11\/MehrWertDemokratie-003-300x300.jpg 300w, https:\/\/www.vs-seubersdorf.de\/schulpage\/wp-content\/uploads\/2025\/11\/MehrWertDemokratie-003-80x80.jpg 80w, https:\/\/www.vs-seubersdorf.de\/schulpage\/wp-content\/uploads\/2025\/11\/MehrWertDemokratie-003-320x320.jpg 320w\" sizes=\"(max-width: 300px) 100vw, 300px\" \/><\/a>\n\t\t\t<\/dt><\/dl><dl class='gallery-item'>\n\t\t\t<dt class='gallery-icon landscape'>\n\t\t\t\t<a href='https:\/\/www.vs-seubersdorf.de\/schulpage\/wp-content\/uploads\/2025\/11\/MehrWertDemokratie-004.jpg'><img width=\"300\" height=\"300\" src=\"https:\/\/www.vs-seubersdorf.de\/schulpage\/wp-content\/uploads\/2025\/11\/MehrWertDemokratie-004-300x300.jpg\" class=\"attachment-thumbnail size-thumbnail\" alt=\"\" decoding=\"async\" loading=\"lazy\" srcset=\"https:\/\/www.vs-seubersdorf.de\/schulpage\/wp-content\/uploads\/2025\/11\/MehrWertDemokratie-004-300x300.jpg 300w, https:\/\/www.vs-seubersdorf.de\/schulpage\/wp-content\/uploads\/2025\/11\/MehrWertDemokratie-004-80x80.jpg 80w, https:\/\/www.vs-seubersdorf.de\/schulpage\/wp-content\/uploads\/2025\/11\/MehrWertDemokratie-004-320x320.jpg 320w\" sizes=\"(max-width: 300px) 100vw, 300px\" \/><\/a>\n\t\t\t<\/dt><\/dl><dl class='gallery-item'>\n\t\t\t<dt class='gallery-icon landscape'>\n\t\t\t\t<a href='https:\/\/www.vs-seubersdorf.de\/schulpage\/wp-content\/uploads\/2025\/11\/MehrWertDemokratie-005.jpg'><img width=\"300\" height=\"300\" src=\"https:\/\/www.vs-seubersdorf.de\/schulpage\/wp-content\/uploads\/2025\/11\/MehrWertDemokratie-005-300x300.jpg\" class=\"attachment-thumbnail size-thumbnail\" alt=\"\" decoding=\"async\" loading=\"lazy\" srcset=\"https:\/\/www.vs-seubersdorf.de\/schulpage\/wp-content\/uploads\/2025\/11\/MehrWertDemokratie-005-300x300.jpg 300w, https:\/\/www.vs-seubersdorf.de\/schulpage\/wp-content\/uploads\/2025\/11\/MehrWertDemokratie-005-80x80.jpg 80w, https:\/\/www.vs-seubersdorf.de\/schulpage\/wp-content\/uploads\/2025\/11\/MehrWertDemokratie-005-320x320.jpg 320w\" sizes=\"(max-width: 300px) 100vw, 300px\" \/><\/a>\n\t\t\t<\/dt><\/dl><br style=\"clear: both\" \/>\n\t\t<\/div>\n\n<p style=\"text-align: center;\"><a href=\"https:\/\/www.vs-seubersdorf.de\/schulpage\/wp-content\/uploads\/2025\/11\/neumarkter-tagblatt-18-11-2025.pdf\" target=\"_blank\" rel=\"noopener\">Artikel im Neumarkter Tagblatt vom 18.11.2025<\/a><\/p>\n<p>&nbsp;<\/p>\n","protected":false},"excerpt":{"rendered":"<p>Im Oktober und November durfte die Mittelschule Seubersdorf eine besondere Form der politischen Bildung erleben: das Projekt \u201eMehrwert Demokratie\u201c. Zun\u00e4chst&#46;&#46;&#46;<\/p>\n","protected":false},"author":2,"featured_media":22208,"comment_status":"closed","ping_status":"closed","sticky":false,"template":"","format":"image","meta":{"footnotes":""},"categories":[7,275],"tags":[304,305,306],"_links":{"self":[{"href":"https:\/\/www.vs-seubersdorf.de\/schulpage\/index.php?rest_route=\/wp\/v2\/posts\/22204"}],"collection":[{"href":"https:\/\/www.vs-seubersdorf.de\/schulpage\/index.php?rest_route=\/wp\/v2\/posts"}],"about":[{"href":"https:\/\/www.vs-seubersdorf.de\/schulpage\/index.php?rest_route=\/wp\/v2\/types\/post"}],"author":[{"embeddable":true,"href":"https:\/\/www.vs-seubersdorf.de\/schulpage\/index.php?rest_route=\/wp\/v2\/users\/2"}],"replies":[{"embeddable":true,"href":"https:\/\/www.vs-seubersdorf.de\/schulpage\/index.php?rest_route=%2Fwp%2Fv2%2Fcomments&post=22204"}],"version-history":[{"count":0,"href":"https:\/\/www.vs-seubersdorf.de\/schulpage\/index.php?rest_route=\/wp\/v2\/posts\/22204\/revisions"}],"wp:featuredmedia":[{"embeddable":true,"href":"https:\/\/www.vs-seubersdorf.de\/schulpage\/index.php?rest_route=\/wp\/v2\/media\/22208"}],"wp:attachment":[{"href":"https:\/\/www.vs-seubersdorf.de\/schulpage\/index.php?rest_route=%2Fwp%2Fv2%2Fmedia&parent=22204"}],"wp:term":[{"taxonomy":"category","embeddable":true,"href":"https:\/\/www.vs-seubersdorf.de\/schulpage\/index.php?rest_route=%2Fwp%2Fv2%2Fcategories&post=22204"},{"taxonomy":"post_tag","embeddable":true,"href":"https:\/\/www.vs-seubersdorf.de\/schulpage\/index.php?rest_route=%2Fwp%2Fv2%2Ftags&post=22204"}],"curies":[{"name":"wp","href":"https:\/\/api.w.org\/{rel}","templated":true}]}}