{"id":22194,"date":"2025-11-21T16:07:02","date_gmt":"2025-11-21T15:07:02","guid":{"rendered":"https:\/\/www.vs-seubersdorf.de\/schulpage\/?p=22194"},"modified":"2025-12-06T11:31:42","modified_gmt":"2025-12-06T10:31:42","slug":"lesen-verbindet-die-6-klasse-im-wettstreit-um-die-beste-leserin","status":"publish","type":"post","link":"https:\/\/www.vs-seubersdorf.de\/schulpage\/?p=22194","title":{"rendered":"Lesen verbindet: Die 6. Klasse im Wettstreit um die beste Leserin"},"content":{"rendered":"<p>Den bundesweiten Vorlesetag nahm sich die 6. Klasse zum Anlass, sich am Vorlesewettbewerb des Deutschen Buchhandels zu beteiligen. Dieser steht unter der Schirmherrschaft des Bundespr\u00e4sidenten und z\u00e4hlt zu den gr\u00f6\u00dften bundesweiten Sch\u00fclerwettbewerben. Rund 600.000 Sch\u00fclerinnen und Sch\u00fcler beteiligen sich jedes Jahr. Wer gerne liest und Spa\u00df an B\u00fcchern hat, war eingeladen, sein Lieblingsbuch vorzustellen und eine kurze Passage daraus vorzulesen. Nach einer Vorentscheidung im Unterricht, waren 8 Kinder zum Schulentscheid angetreten. Unter dem Auge der Jury, die aus der Klassenlehrerin Laura Beer, der Sch\u00fclersprecherin Greta Almas und Schulleiter Markus Eigenstetter bestand, wurden Passagen aus den unterschiedlichsten Jugendb\u00fcchern vorgelesen. Bewertet wurden die Lesefertigkeit, die Interpretation des Textes und die Pr\u00e4sentation des Buches. Die Jury hatte es nicht leicht, da alle Kinder eine gute Leistung zeigten. Am Ende kristallisierte sich aber doch eine Siegerin heraus: Die beste Leserin war Sonja G\u00f6tz, die sich knapp vor Simon Stiegler und Noah Oettl qualifizierte. Sie erhielt eine Urkunde und erhielt einen B\u00fcchergutschein, der von dem Spiel-und Buchladen Sinnestraum spendiert wurde. Sonja hat auch die Gelegenheit, als Schulsiegerin am Regionalentscheid im Landkreis teilzunehmen. (me)<\/p>\n\n\t\t<style>\n\t\t\t#gallery-1 {\n\t\t\t\tmargin: auto;\n\t\t\t}\n\t\t\t#gallery-1 .gallery-item {\n\t\t\t\tfloat: left;\n\t\t\t\tmargin-top: 10px;\n\t\t\t\ttext-align: center;\n\t\t\t\twidth: 33%;\n\t\t\t}\n\t\t\t#gallery-1 img {\n\t\t\t\tborder: 2px solid #cfcfcf;\n\t\t\t}\n\t\t\t#gallery-1 .gallery-caption {\n\t\t\t\tmargin-left: 0;\n\t\t\t}\n\t\t\t\/* see gallery_shortcode() in wp-includes\/media.php *\/\n\t\t<\/style>\n\t\t<div id='gallery-1' class='gallery galleryid-22194 gallery-columns-3 gallery-size-thumbnail'><dl class='gallery-item'>\n\t\t\t<dt class='gallery-icon landscape'>\n\t\t\t\t<a href='https:\/\/www.vs-seubersdorf.de\/schulpage\/wp-content\/uploads\/2025\/11\/Vorlesewettbewerb-003.jpg'><img width=\"300\" height=\"300\" src=\"https:\/\/www.vs-seubersdorf.de\/schulpage\/wp-content\/uploads\/2025\/11\/Vorlesewettbewerb-003-300x300.jpg\" class=\"attachment-thumbnail size-thumbnail\" alt=\"\" decoding=\"async\" loading=\"lazy\" srcset=\"https:\/\/www.vs-seubersdorf.de\/schulpage\/wp-content\/uploads\/2025\/11\/Vorlesewettbewerb-003-300x300.jpg 300w, https:\/\/www.vs-seubersdorf.de\/schulpage\/wp-content\/uploads\/2025\/11\/Vorlesewettbewerb-003-80x80.jpg 80w, https:\/\/www.vs-seubersdorf.de\/schulpage\/wp-content\/uploads\/2025\/11\/Vorlesewettbewerb-003-320x320.jpg 320w\" sizes=\"(max-width: 300px) 100vw, 300px\" \/><\/a>\n\t\t\t<\/dt><\/dl><dl class='gallery-item'>\n\t\t\t<dt class='gallery-icon landscape'>\n\t\t\t\t<a href='https:\/\/www.vs-seubersdorf.de\/schulpage\/wp-content\/uploads\/2025\/11\/Vorlesewettbewerb-005.jpg'><img width=\"300\" height=\"300\" src=\"https:\/\/www.vs-seubersdorf.de\/schulpage\/wp-content\/uploads\/2025\/11\/Vorlesewettbewerb-005-300x300.jpg\" class=\"attachment-thumbnail size-thumbnail\" alt=\"\" decoding=\"async\" loading=\"lazy\" srcset=\"https:\/\/www.vs-seubersdorf.de\/schulpage\/wp-content\/uploads\/2025\/11\/Vorlesewettbewerb-005-300x300.jpg 300w, https:\/\/www.vs-seubersdorf.de\/schulpage\/wp-content\/uploads\/2025\/11\/Vorlesewettbewerb-005-80x80.jpg 80w, https:\/\/www.vs-seubersdorf.de\/schulpage\/wp-content\/uploads\/2025\/11\/Vorlesewettbewerb-005-320x320.jpg 320w\" sizes=\"(max-width: 300px) 100vw, 300px\" \/><\/a>\n\t\t\t<\/dt><\/dl><dl class='gallery-item'>\n\t\t\t<dt class='gallery-icon landscape'>\n\t\t\t\t<a href='https:\/\/www.vs-seubersdorf.de\/schulpage\/wp-content\/uploads\/2025\/11\/Vorlesewettbewerb-001.jpg'><img width=\"300\" height=\"300\" src=\"https:\/\/www.vs-seubersdorf.de\/schulpage\/wp-content\/uploads\/2025\/11\/Vorlesewettbewerb-001-300x300.jpg\" class=\"attachment-thumbnail size-thumbnail\" alt=\"\" decoding=\"async\" loading=\"lazy\" srcset=\"https:\/\/www.vs-seubersdorf.de\/schulpage\/wp-content\/uploads\/2025\/11\/Vorlesewettbewerb-001-300x300.jpg 300w, https:\/\/www.vs-seubersdorf.de\/schulpage\/wp-content\/uploads\/2025\/11\/Vorlesewettbewerb-001-80x80.jpg 80w, https:\/\/www.vs-seubersdorf.de\/schulpage\/wp-content\/uploads\/2025\/11\/Vorlesewettbewerb-001-320x320.jpg 320w\" sizes=\"(max-width: 300px) 100vw, 300px\" \/><\/a>\n\t\t\t<\/dt><\/dl><br style=\"clear: both\" \/><dl class='gallery-item'>\n\t\t\t<dt class='gallery-icon landscape'>\n\t\t\t\t<a href='https:\/\/www.vs-seubersdorf.de\/schulpage\/wp-content\/uploads\/2025\/11\/Vorlesewettbewerb-002.jpg'><img width=\"300\" height=\"300\" src=\"https:\/\/www.vs-seubersdorf.de\/schulpage\/wp-content\/uploads\/2025\/11\/Vorlesewettbewerb-002-300x300.jpg\" class=\"attachment-thumbnail size-thumbnail\" alt=\"\" decoding=\"async\" loading=\"lazy\" srcset=\"https:\/\/www.vs-seubersdorf.de\/schulpage\/wp-content\/uploads\/2025\/11\/Vorlesewettbewerb-002-300x300.jpg 300w, https:\/\/www.vs-seubersdorf.de\/schulpage\/wp-content\/uploads\/2025\/11\/Vorlesewettbewerb-002-80x80.jpg 80w, https:\/\/www.vs-seubersdorf.de\/schulpage\/wp-content\/uploads\/2025\/11\/Vorlesewettbewerb-002-320x320.jpg 320w\" sizes=\"(max-width: 300px) 100vw, 300px\" \/><\/a>\n\t\t\t<\/dt><\/dl><dl class='gallery-item'>\n\t\t\t<dt class='gallery-icon landscape'>\n\t\t\t\t<a href='https:\/\/www.vs-seubersdorf.de\/schulpage\/wp-content\/uploads\/2025\/11\/Vorlesewettbewerb-004.jpg'><img width=\"300\" height=\"300\" src=\"https:\/\/www.vs-seubersdorf.de\/schulpage\/wp-content\/uploads\/2025\/11\/Vorlesewettbewerb-004-300x300.jpg\" class=\"attachment-thumbnail size-thumbnail\" alt=\"\" decoding=\"async\" loading=\"lazy\" srcset=\"https:\/\/www.vs-seubersdorf.de\/schulpage\/wp-content\/uploads\/2025\/11\/Vorlesewettbewerb-004-300x300.jpg 300w, https:\/\/www.vs-seubersdorf.de\/schulpage\/wp-content\/uploads\/2025\/11\/Vorlesewettbewerb-004-80x80.jpg 80w, https:\/\/www.vs-seubersdorf.de\/schulpage\/wp-content\/uploads\/2025\/11\/Vorlesewettbewerb-004-320x320.jpg 320w\" sizes=\"(max-width: 300px) 100vw, 300px\" \/><\/a>\n\t\t\t<\/dt><\/dl><dl class='gallery-item'>\n\t\t\t<dt class='gallery-icon landscape'>\n\t\t\t\t<a href='https:\/\/www.vs-seubersdorf.de\/schulpage\/wp-content\/uploads\/2025\/11\/Vorlesewettbewerb-006.jpg'><img width=\"300\" height=\"300\" src=\"https:\/\/www.vs-seubersdorf.de\/schulpage\/wp-content\/uploads\/2025\/11\/Vorlesewettbewerb-006-300x300.jpg\" class=\"attachment-thumbnail size-thumbnail\" alt=\"\" decoding=\"async\" loading=\"lazy\" srcset=\"https:\/\/www.vs-seubersdorf.de\/schulpage\/wp-content\/uploads\/2025\/11\/Vorlesewettbewerb-006-300x300.jpg 300w, https:\/\/www.vs-seubersdorf.de\/schulpage\/wp-content\/uploads\/2025\/11\/Vorlesewettbewerb-006-80x80.jpg 80w, https:\/\/www.vs-seubersdorf.de\/schulpage\/wp-content\/uploads\/2025\/11\/Vorlesewettbewerb-006-320x320.jpg 320w\" sizes=\"(max-width: 300px) 100vw, 300px\" \/><\/a>\n\t\t\t<\/dt><\/dl><br style=\"clear: both\" \/>\n\t\t<\/div>\n\n","protected":false},"excerpt":{"rendered":"<p>Den bundesweiten Vorlesetag nahm sich die 6. Klasse zum Anlass, sich am Vorlesewettbewerb des Deutschen Buchhandels zu beteiligen. Dieser steht&#46;&#46;&#46;<\/p>\n","protected":false},"author":2,"featured_media":22195,"comment_status":"closed","ping_status":"closed","sticky":false,"template":"","format":"image","meta":{"footnotes":""},"categories":[3,275],"tags":[303],"_links":{"self":[{"href":"https:\/\/www.vs-seubersdorf.de\/schulpage\/index.php?rest_route=\/wp\/v2\/posts\/22194"}],"collection":[{"href":"https:\/\/www.vs-seubersdorf.de\/schulpage\/index.php?rest_route=\/wp\/v2\/posts"}],"about":[{"href":"https:\/\/www.vs-seubersdorf.de\/schulpage\/index.php?rest_route=\/wp\/v2\/types\/post"}],"author":[{"embeddable":true,"href":"https:\/\/www.vs-seubersdorf.de\/schulpage\/index.php?rest_route=\/wp\/v2\/users\/2"}],"replies":[{"embeddable":true,"href":"https:\/\/www.vs-seubersdorf.de\/schulpage\/index.php?rest_route=%2Fwp%2Fv2%2Fcomments&post=22194"}],"version-history":[{"count":0,"href":"https:\/\/www.vs-seubersdorf.de\/schulpage\/index.php?rest_route=\/wp\/v2\/posts\/22194\/revisions"}],"wp:featuredmedia":[{"embeddable":true,"href":"https:\/\/www.vs-seubersdorf.de\/schulpage\/index.php?rest_route=\/wp\/v2\/media\/22195"}],"wp:attachment":[{"href":"https:\/\/www.vs-seubersdorf.de\/schulpage\/index.php?rest_route=%2Fwp%2Fv2%2Fmedia&parent=22194"}],"wp:term":[{"taxonomy":"category","embeddable":true,"href":"https:\/\/www.vs-seubersdorf.de\/schulpage\/index.php?rest_route=%2Fwp%2Fv2%2Fcategories&post=22194"},{"taxonomy":"post_tag","embeddable":true,"href":"https:\/\/www.vs-seubersdorf.de\/schulpage\/index.php?rest_route=%2Fwp%2Fv2%2Ftags&post=22194"}],"curies":[{"name":"wp","href":"https:\/\/api.w.org\/{rel}","templated":true}]}}