{"id":22053,"date":"2025-10-13T08:02:31","date_gmt":"2025-10-13T07:02:31","guid":{"rendered":"https:\/\/www.vs-seubersdorf.de\/schulpage\/?p=22053"},"modified":"2025-10-13T08:03:17","modified_gmt":"2025-10-13T07:03:17","slug":"ein-unvergessliches-abenteuer-im-salzburger-land","status":"publish","type":"post","link":"https:\/\/www.vs-seubersdorf.de\/schulpage\/?p=22053","title":{"rendered":"Ein unvergessliches Abenteuer im Salzburger Land"},"content":{"rendered":"<p>Vom 22. bis 26. September 2025 erlebten die Klassen M9a und M9b mit ihren Lehrkr\u00e4ften Doris Lottner, Beate Brandl und Klaus Schmidmeister eine unvergessliche Klassenfahrt ins malerische Salzburger Land nach H\u00fcttau. Untergebracht war die Gruppe im Sporthotel Josef, das eine ideale Basis f\u00fcr die zahlreichen Aktivit\u00e4ten bot. Die Sch\u00fclerinnen und Sch\u00fcler hatten die Gelegenheit, beeindruckende Ausflugsziele zu erkunden, darunter die atemberaubende Liechtensteinklamm, die majest\u00e4tische Burg Hohen Werfen, die faszinierende Eisriesenwelt Werfen und das historische Salzbergwerk Berchtesgaden. Das Wetter spielte \u00fcberraschenderweise meist gut mit, was den Abenteuern zus\u00e4tzlichen Schwung verlieh. In der gro\u00dfz\u00fcgigen Hotelanlage konnten sich die Sch\u00fclerinnen und Sch\u00fcler nach den spannenden Ausfl\u00fcgen bei verschiedenen Aktivit\u00e4ten austoben. Ob Tischtennis, Volleyball oder Fu\u00dfball \u2013 f\u00fcr jeden war etwas dabei. Ein besonderes Highlight war ein Tanzkurs, der an einem Abend stattfand. Hier konnten die Sch\u00fclerinnen und Sch\u00fcler das Tanzbein schwingen und lernten die Schritte zu Cha Cha Cha und Discofox. Die Klassenfahrt bot nicht nur eine hervorragende Gelegenheit, die Umgebung zu entdecken, sondern auch den Zusammenhalt und die Freundschaften innerhalb der Klassen zu st\u00e4rken. Mit vielen neuen Eindr\u00fccken und tollen Erinnerungen kehrten die Sch\u00fclerinnen und Sch\u00fcler schlie\u00dflich nach Hause zur\u00fcck, bereichert durch diese erlebnisreiche Woche im Salzburger Land. Wir bedanken uns sehr herzlich beim F\u00f6rderverein der Schule, der die Klassenfahrt gro\u00dfz\u00fcgig finanziell unterst\u00fctzte! (KSch)<\/p>\n\n\t\t<style>\n\t\t\t#gallery-1 {\n\t\t\t\tmargin: auto;\n\t\t\t}\n\t\t\t#gallery-1 .gallery-item {\n\t\t\t\tfloat: left;\n\t\t\t\tmargin-top: 10px;\n\t\t\t\ttext-align: center;\n\t\t\t\twidth: 33%;\n\t\t\t}\n\t\t\t#gallery-1 img {\n\t\t\t\tborder: 2px solid #cfcfcf;\n\t\t\t}\n\t\t\t#gallery-1 .gallery-caption {\n\t\t\t\tmargin-left: 0;\n\t\t\t}\n\t\t\t\/* see gallery_shortcode() in wp-includes\/media.php *\/\n\t\t<\/style>\n\t\t<div id='gallery-1' class='gallery galleryid-22053 gallery-columns-3 gallery-size-thumbnail'><dl class='gallery-item'>\n\t\t\t<dt class='gallery-icon landscape'>\n\t\t\t\t<a href='https:\/\/www.vs-seubersdorf.de\/schulpage\/wp-content\/uploads\/2025\/10\/Klassenfahrt-007.jpg'><img width=\"300\" height=\"300\" src=\"https:\/\/www.vs-seubersdorf.de\/schulpage\/wp-content\/uploads\/2025\/10\/Klassenfahrt-007-300x300.jpg\" class=\"attachment-thumbnail size-thumbnail\" alt=\"\" decoding=\"async\" loading=\"lazy\" srcset=\"https:\/\/www.vs-seubersdorf.de\/schulpage\/wp-content\/uploads\/2025\/10\/Klassenfahrt-007-300x300.jpg 300w, https:\/\/www.vs-seubersdorf.de\/schulpage\/wp-content\/uploads\/2025\/10\/Klassenfahrt-007-80x80.jpg 80w, https:\/\/www.vs-seubersdorf.de\/schulpage\/wp-content\/uploads\/2025\/10\/Klassenfahrt-007-320x320.jpg 320w\" sizes=\"(max-width: 300px) 100vw, 300px\" \/><\/a>\n\t\t\t<\/dt><\/dl><dl class='gallery-item'>\n\t\t\t<dt class='gallery-icon landscape'>\n\t\t\t\t<a href='https:\/\/www.vs-seubersdorf.de\/schulpage\/wp-content\/uploads\/2025\/10\/Klassenfahrt-001.jpg'><img width=\"300\" height=\"300\" src=\"https:\/\/www.vs-seubersdorf.de\/schulpage\/wp-content\/uploads\/2025\/10\/Klassenfahrt-001-300x300.jpg\" class=\"attachment-thumbnail size-thumbnail\" alt=\"\" decoding=\"async\" loading=\"lazy\" srcset=\"https:\/\/www.vs-seubersdorf.de\/schulpage\/wp-content\/uploads\/2025\/10\/Klassenfahrt-001-300x300.jpg 300w, https:\/\/www.vs-seubersdorf.de\/schulpage\/wp-content\/uploads\/2025\/10\/Klassenfahrt-001-80x80.jpg 80w, https:\/\/www.vs-seubersdorf.de\/schulpage\/wp-content\/uploads\/2025\/10\/Klassenfahrt-001-320x320.jpg 320w\" sizes=\"(max-width: 300px) 100vw, 300px\" \/><\/a>\n\t\t\t<\/dt><\/dl><dl class='gallery-item'>\n\t\t\t<dt class='gallery-icon landscape'>\n\t\t\t\t<a href='https:\/\/www.vs-seubersdorf.de\/schulpage\/wp-content\/uploads\/2025\/10\/Klassenfahrt-005.jpg'><img width=\"300\" height=\"300\" src=\"https:\/\/www.vs-seubersdorf.de\/schulpage\/wp-content\/uploads\/2025\/10\/Klassenfahrt-005-300x300.jpg\" class=\"attachment-thumbnail size-thumbnail\" alt=\"\" decoding=\"async\" loading=\"lazy\" srcset=\"https:\/\/www.vs-seubersdorf.de\/schulpage\/wp-content\/uploads\/2025\/10\/Klassenfahrt-005-300x300.jpg 300w, https:\/\/www.vs-seubersdorf.de\/schulpage\/wp-content\/uploads\/2025\/10\/Klassenfahrt-005-80x80.jpg 80w, https:\/\/www.vs-seubersdorf.de\/schulpage\/wp-content\/uploads\/2025\/10\/Klassenfahrt-005-320x320.jpg 320w\" sizes=\"(max-width: 300px) 100vw, 300px\" \/><\/a>\n\t\t\t<\/dt><\/dl><br style=\"clear: both\" \/><dl class='gallery-item'>\n\t\t\t<dt class='gallery-icon landscape'>\n\t\t\t\t<a href='https:\/\/www.vs-seubersdorf.de\/schulpage\/wp-content\/uploads\/2025\/10\/Klassenfahrt-011.jpg'><img width=\"300\" height=\"300\" src=\"https:\/\/www.vs-seubersdorf.de\/schulpage\/wp-content\/uploads\/2025\/10\/Klassenfahrt-011-300x300.jpg\" class=\"attachment-thumbnail size-thumbnail\" alt=\"\" decoding=\"async\" loading=\"lazy\" srcset=\"https:\/\/www.vs-seubersdorf.de\/schulpage\/wp-content\/uploads\/2025\/10\/Klassenfahrt-011-300x300.jpg 300w, https:\/\/www.vs-seubersdorf.de\/schulpage\/wp-content\/uploads\/2025\/10\/Klassenfahrt-011-80x80.jpg 80w, https:\/\/www.vs-seubersdorf.de\/schulpage\/wp-content\/uploads\/2025\/10\/Klassenfahrt-011-320x320.jpg 320w\" sizes=\"(max-width: 300px) 100vw, 300px\" \/><\/a>\n\t\t\t<\/dt><\/dl><dl class='gallery-item'>\n\t\t\t<dt class='gallery-icon portrait'>\n\t\t\t\t<a href='https:\/\/www.vs-seubersdorf.de\/schulpage\/wp-content\/uploads\/2025\/10\/Klassenfahrt-002.jpg'><img width=\"300\" height=\"300\" src=\"https:\/\/www.vs-seubersdorf.de\/schulpage\/wp-content\/uploads\/2025\/10\/Klassenfahrt-002-300x300.jpg\" class=\"attachment-thumbnail size-thumbnail\" alt=\"\" decoding=\"async\" loading=\"lazy\" srcset=\"https:\/\/www.vs-seubersdorf.de\/schulpage\/wp-content\/uploads\/2025\/10\/Klassenfahrt-002-300x300.jpg 300w, https:\/\/www.vs-seubersdorf.de\/schulpage\/wp-content\/uploads\/2025\/10\/Klassenfahrt-002-80x80.jpg 80w, https:\/\/www.vs-seubersdorf.de\/schulpage\/wp-content\/uploads\/2025\/10\/Klassenfahrt-002-320x320.jpg 320w\" sizes=\"(max-width: 300px) 100vw, 300px\" \/><\/a>\n\t\t\t<\/dt><\/dl><dl class='gallery-item'>\n\t\t\t<dt class='gallery-icon portrait'>\n\t\t\t\t<a href='https:\/\/www.vs-seubersdorf.de\/schulpage\/wp-content\/uploads\/2025\/10\/Klassenfahrt-003.jpg'><img width=\"300\" height=\"300\" src=\"https:\/\/www.vs-seubersdorf.de\/schulpage\/wp-content\/uploads\/2025\/10\/Klassenfahrt-003-300x300.jpg\" class=\"attachment-thumbnail size-thumbnail\" alt=\"\" decoding=\"async\" loading=\"lazy\" srcset=\"https:\/\/www.vs-seubersdorf.de\/schulpage\/wp-content\/uploads\/2025\/10\/Klassenfahrt-003-300x300.jpg 300w, https:\/\/www.vs-seubersdorf.de\/schulpage\/wp-content\/uploads\/2025\/10\/Klassenfahrt-003-80x80.jpg 80w, https:\/\/www.vs-seubersdorf.de\/schulpage\/wp-content\/uploads\/2025\/10\/Klassenfahrt-003-320x320.jpg 320w\" sizes=\"(max-width: 300px) 100vw, 300px\" \/><\/a>\n\t\t\t<\/dt><\/dl><br style=\"clear: both\" \/><dl class='gallery-item'>\n\t\t\t<dt class='gallery-icon portrait'>\n\t\t\t\t<a href='https:\/\/www.vs-seubersdorf.de\/schulpage\/wp-content\/uploads\/2025\/10\/Klassenfahrt-004.jpg'><img width=\"300\" height=\"300\" src=\"https:\/\/www.vs-seubersdorf.de\/schulpage\/wp-content\/uploads\/2025\/10\/Klassenfahrt-004-300x300.jpg\" class=\"attachment-thumbnail size-thumbnail\" alt=\"\" decoding=\"async\" loading=\"lazy\" srcset=\"https:\/\/www.vs-seubersdorf.de\/schulpage\/wp-content\/uploads\/2025\/10\/Klassenfahrt-004-300x300.jpg 300w, https:\/\/www.vs-seubersdorf.de\/schulpage\/wp-content\/uploads\/2025\/10\/Klassenfahrt-004-80x80.jpg 80w, https:\/\/www.vs-seubersdorf.de\/schulpage\/wp-content\/uploads\/2025\/10\/Klassenfahrt-004-320x320.jpg 320w\" sizes=\"(max-width: 300px) 100vw, 300px\" \/><\/a>\n\t\t\t<\/dt><\/dl><dl class='gallery-item'>\n\t\t\t<dt class='gallery-icon landscape'>\n\t\t\t\t<a href='https:\/\/www.vs-seubersdorf.de\/schulpage\/wp-content\/uploads\/2025\/10\/Klassenfahrt-006.jpg'><img width=\"300\" height=\"300\" src=\"https:\/\/www.vs-seubersdorf.de\/schulpage\/wp-content\/uploads\/2025\/10\/Klassenfahrt-006-300x300.jpg\" class=\"attachment-thumbnail size-thumbnail\" alt=\"\" decoding=\"async\" loading=\"lazy\" srcset=\"https:\/\/www.vs-seubersdorf.de\/schulpage\/wp-content\/uploads\/2025\/10\/Klassenfahrt-006-300x300.jpg 300w, https:\/\/www.vs-seubersdorf.de\/schulpage\/wp-content\/uploads\/2025\/10\/Klassenfahrt-006-80x80.jpg 80w, https:\/\/www.vs-seubersdorf.de\/schulpage\/wp-content\/uploads\/2025\/10\/Klassenfahrt-006-320x320.jpg 320w\" sizes=\"(max-width: 300px) 100vw, 300px\" \/><\/a>\n\t\t\t<\/dt><\/dl><dl class='gallery-item'>\n\t\t\t<dt class='gallery-icon portrait'>\n\t\t\t\t<a href='https:\/\/www.vs-seubersdorf.de\/schulpage\/wp-content\/uploads\/2025\/10\/Klassenfahrt-008.jpg'><img width=\"300\" height=\"300\" src=\"https:\/\/www.vs-seubersdorf.de\/schulpage\/wp-content\/uploads\/2025\/10\/Klassenfahrt-008-300x300.jpg\" class=\"attachment-thumbnail size-thumbnail\" alt=\"\" decoding=\"async\" loading=\"lazy\" srcset=\"https:\/\/www.vs-seubersdorf.de\/schulpage\/wp-content\/uploads\/2025\/10\/Klassenfahrt-008-300x300.jpg 300w, https:\/\/www.vs-seubersdorf.de\/schulpage\/wp-content\/uploads\/2025\/10\/Klassenfahrt-008-80x80.jpg 80w, https:\/\/www.vs-seubersdorf.de\/schulpage\/wp-content\/uploads\/2025\/10\/Klassenfahrt-008-320x320.jpg 320w\" sizes=\"(max-width: 300px) 100vw, 300px\" \/><\/a>\n\t\t\t<\/dt><\/dl><br style=\"clear: both\" \/><dl class='gallery-item'>\n\t\t\t<dt class='gallery-icon portrait'>\n\t\t\t\t<a href='https:\/\/www.vs-seubersdorf.de\/schulpage\/wp-content\/uploads\/2025\/10\/Klassenfahrt-010.jpg'><img width=\"300\" height=\"300\" src=\"https:\/\/www.vs-seubersdorf.de\/schulpage\/wp-content\/uploads\/2025\/10\/Klassenfahrt-010-300x300.jpg\" class=\"attachment-thumbnail size-thumbnail\" alt=\"\" decoding=\"async\" loading=\"lazy\" srcset=\"https:\/\/www.vs-seubersdorf.de\/schulpage\/wp-content\/uploads\/2025\/10\/Klassenfahrt-010-300x300.jpg 300w, https:\/\/www.vs-seubersdorf.de\/schulpage\/wp-content\/uploads\/2025\/10\/Klassenfahrt-010-80x80.jpg 80w, https:\/\/www.vs-seubersdorf.de\/schulpage\/wp-content\/uploads\/2025\/10\/Klassenfahrt-010-320x320.jpg 320w\" sizes=\"(max-width: 300px) 100vw, 300px\" \/><\/a>\n\t\t\t<\/dt><\/dl><dl class='gallery-item'>\n\t\t\t<dt class='gallery-icon portrait'>\n\t\t\t\t<a href='https:\/\/www.vs-seubersdorf.de\/schulpage\/wp-content\/uploads\/2025\/10\/Klassenfahrt-012.jpg'><img width=\"300\" height=\"300\" src=\"https:\/\/www.vs-seubersdorf.de\/schulpage\/wp-content\/uploads\/2025\/10\/Klassenfahrt-012-300x300.jpg\" class=\"attachment-thumbnail size-thumbnail\" alt=\"\" decoding=\"async\" loading=\"lazy\" srcset=\"https:\/\/www.vs-seubersdorf.de\/schulpage\/wp-content\/uploads\/2025\/10\/Klassenfahrt-012-300x300.jpg 300w, https:\/\/www.vs-seubersdorf.de\/schulpage\/wp-content\/uploads\/2025\/10\/Klassenfahrt-012-80x80.jpg 80w, https:\/\/www.vs-seubersdorf.de\/schulpage\/wp-content\/uploads\/2025\/10\/Klassenfahrt-012-320x320.jpg 320w\" sizes=\"(max-width: 300px) 100vw, 300px\" \/><\/a>\n\t\t\t<\/dt><\/dl><dl class='gallery-item'>\n\t\t\t<dt class='gallery-icon landscape'>\n\t\t\t\t<a href='https:\/\/www.vs-seubersdorf.de\/schulpage\/wp-content\/uploads\/2025\/10\/Spende-des-Foerdervereins.jpg'><img width=\"300\" height=\"300\" src=\"https:\/\/www.vs-seubersdorf.de\/schulpage\/wp-content\/uploads\/2025\/10\/Spende-des-Foerdervereins-300x300.jpg\" class=\"attachment-thumbnail size-thumbnail\" alt=\"\" decoding=\"async\" aria-describedby=\"gallery-1-22066\" loading=\"lazy\" srcset=\"https:\/\/www.vs-seubersdorf.de\/schulpage\/wp-content\/uploads\/2025\/10\/Spende-des-Foerdervereins-300x300.jpg 300w, https:\/\/www.vs-seubersdorf.de\/schulpage\/wp-content\/uploads\/2025\/10\/Spende-des-Foerdervereins-80x80.jpg 80w, https:\/\/www.vs-seubersdorf.de\/schulpage\/wp-content\/uploads\/2025\/10\/Spende-des-Foerdervereins-320x320.jpg 320w\" sizes=\"(max-width: 300px) 100vw, 300px\" \/><\/a>\n\t\t\t<\/dt>\n\t\t\t\t<dd class='wp-caption-text gallery-caption' id='gallery-1-22066'>\n\t\t\t\tDer F\u00f6rdervein unterst\u00fctzte die Klassenfahrt.\n\t\t\t\t<\/dd><\/dl><br style=\"clear: both\" \/>\n\t\t<\/div>\n\n","protected":false},"excerpt":{"rendered":"<p>Vom 22. bis 26. September 2025 erlebten die Klassen M9a und M9b mit ihren Lehrkr\u00e4ften Doris Lottner, Beate Brandl und&#46;&#46;&#46;<\/p>\n","protected":false},"author":2,"featured_media":22065,"comment_status":"closed","ping_status":"closed","sticky":false,"template":"","format":"image","meta":{"footnotes":""},"categories":[31,3],"tags":[],"_links":{"self":[{"href":"https:\/\/www.vs-seubersdorf.de\/schulpage\/index.php?rest_route=\/wp\/v2\/posts\/22053"}],"collection":[{"href":"https:\/\/www.vs-seubersdorf.de\/schulpage\/index.php?rest_route=\/wp\/v2\/posts"}],"about":[{"href":"https:\/\/www.vs-seubersdorf.de\/schulpage\/index.php?rest_route=\/wp\/v2\/types\/post"}],"author":[{"embeddable":true,"href":"https:\/\/www.vs-seubersdorf.de\/schulpage\/index.php?rest_route=\/wp\/v2\/users\/2"}],"replies":[{"embeddable":true,"href":"https:\/\/www.vs-seubersdorf.de\/schulpage\/index.php?rest_route=%2Fwp%2Fv2%2Fcomments&post=22053"}],"version-history":[{"count":0,"href":"https:\/\/www.vs-seubersdorf.de\/schulpage\/index.php?rest_route=\/wp\/v2\/posts\/22053\/revisions"}],"wp:featuredmedia":[{"embeddable":true,"href":"https:\/\/www.vs-seubersdorf.de\/schulpage\/index.php?rest_route=\/wp\/v2\/media\/22065"}],"wp:attachment":[{"href":"https:\/\/www.vs-seubersdorf.de\/schulpage\/index.php?rest_route=%2Fwp%2Fv2%2Fmedia&parent=22053"}],"wp:term":[{"taxonomy":"category","embeddable":true,"href":"https:\/\/www.vs-seubersdorf.de\/schulpage\/index.php?rest_route=%2Fwp%2Fv2%2Fcategories&post=22053"},{"taxonomy":"post_tag","embeddable":true,"href":"https:\/\/www.vs-seubersdorf.de\/schulpage\/index.php?rest_route=%2Fwp%2Fv2%2Ftags&post=22053"}],"curies":[{"name":"wp","href":"https:\/\/api.w.org\/{rel}","templated":true}]}}