{"id":21707,"date":"2025-03-19T14:41:36","date_gmt":"2025-03-19T13:41:36","guid":{"rendered":"https:\/\/www.vs-seubersdorf.de\/schulpage\/?p=21707"},"modified":"2025-04-09T15:22:38","modified_gmt":"2025-04-09T14:22:38","slug":"spannender-theaterbesuch-der-2-klassen-ratte-rudi-geht-von-bord","status":"publish","type":"post","link":"https:\/\/www.vs-seubersdorf.de\/schulpage\/?p=21707","title":{"rendered":"Erlebnisreicher Theaterbesuch: &#8222;Ratte Rudi geht von Bord&#8220;"},"content":{"rendered":"<p>Am 19. M\u00e4rz hatten die beiden zweiten Klassen unserer Schule das Vergn\u00fcgen, mit ihren Lehrerinnen Frau Apfelbacher und Frau Braun eine ganz besondere Vorstellung im Theater Regensburg zu besuchen. Auf dem Programm stand das Kindermusical <em>&#8222;Ratte Rudi geht von Bord&#8220;<\/em>, ein St\u00fcck, das die Kinder von Anfang bis Ende begeisterte. Die Geschichte handelt von der schlecht gelaunten Ratte Rudi, die ganz alleine auf einem Schiff lebt. Sie tr\u00e4umt von einem Drei-G\u00e4nge-Men\u00fc, doch leider hat sie nur Dosenbohnen zu essen. Und als w\u00e4re das nicht genug, kann sie das Schiff nicht verlassen \u2013 Ratten gehen schlie\u00dflich nur von einem sinkenden Schiff. Doch dann taucht der lustige Klabautermann Konstantin auf, der auf der Suche nach einer Karte und einem Schiff ist, mit denen er seinen gr\u00f6\u00dften Traum erf\u00fcllen kann: Auf einer Walfont\u00e4ne zu reiten. Gemeinsam nehmen Rudi und Konstantin die Herausforderung an, ihre Tr\u00e4ume zu verwirklichen. Im Mittelpunkt der Geschichte steht die Entwicklung einer wunderbaren Freundschaft zwischen Rudi und Konstantin. Trotz ihrer anf\u00e4nglichen Unterschiede und Missverst\u00e4ndnisse merken die beiden, wie wertvoll Zusammenhalt und gegenseitige Unterst\u00fctzung sind. Die Botschaft, dass Freundschaft und Zusammenarbeit selbst die gr\u00f6\u00dften Herausforderungen \u00fcberwinden k\u00f6nnen, war eine wichtige Lehre f\u00fcr die Kinder. Das St\u00fcck war nicht nur eine unterhaltsame Reise in eine fantasievolle Welt, sondern auch ein wunderbares Erlebnis f\u00fcr die Kinder, die zum ersten Mal einen so gro\u00dfen Ausflug mit Bus und Bahn gemacht haben. Die Aufregung und die Freude \u00fcber das Abenteuer waren deutlich zu sp\u00fcren, und die Kinder meisterten die Reise mit Bravour. Besonders beeindruckt waren die Sch\u00fcler von der Atmosph\u00e4re im Theater \u2013 die B\u00fchne, die Musik und das Mitfiebern mit den Charakteren sorgten f\u00fcr leuchtende Augen und spannende Gespr\u00e4che nach der Vorstellung. Es war ein aufregender und lehrreicher Tag f\u00fcr die zweiten Klassen, der sicherlich noch lange in Erinnerung bleiben wird! (hb)<\/p>\n\n\t\t<style>\n\t\t\t#gallery-1 {\n\t\t\t\tmargin: auto;\n\t\t\t}\n\t\t\t#gallery-1 .gallery-item {\n\t\t\t\tfloat: left;\n\t\t\t\tmargin-top: 10px;\n\t\t\t\ttext-align: center;\n\t\t\t\twidth: 33%;\n\t\t\t}\n\t\t\t#gallery-1 img {\n\t\t\t\tborder: 2px solid #cfcfcf;\n\t\t\t}\n\t\t\t#gallery-1 .gallery-caption {\n\t\t\t\tmargin-left: 0;\n\t\t\t}\n\t\t\t\/* see gallery_shortcode() in wp-includes\/media.php *\/\n\t\t<\/style>\n\t\t<div id='gallery-1' class='gallery galleryid-21707 gallery-columns-3 gallery-size-thumbnail'><dl class='gallery-item'>\n\t\t\t<dt class='gallery-icon landscape'>\n\t\t\t\t<a href='https:\/\/www.vs-seubersdorf.de\/schulpage\/wp-content\/uploads\/2025\/03\/01_RATTE-RUDI-GEHT-VON-BORD_Alejandro-Nicolas-Firlei-Fernandez-Ben-Weishaupt_Foto_Tom-Neumeier-Leather.jpg'><img width=\"300\" height=\"300\" src=\"https:\/\/www.vs-seubersdorf.de\/schulpage\/wp-content\/uploads\/2025\/03\/01_RATTE-RUDI-GEHT-VON-BORD_Alejandro-Nicolas-Firlei-Fernandez-Ben-Weishaupt_Foto_Tom-Neumeier-Leather-300x300.jpg\" class=\"attachment-thumbnail size-thumbnail\" alt=\"\" decoding=\"async\" aria-describedby=\"gallery-1-21709\" loading=\"lazy\" srcset=\"https:\/\/www.vs-seubersdorf.de\/schulpage\/wp-content\/uploads\/2025\/03\/01_RATTE-RUDI-GEHT-VON-BORD_Alejandro-Nicolas-Firlei-Fernandez-Ben-Weishaupt_Foto_Tom-Neumeier-Leather-300x300.jpg 300w, https:\/\/www.vs-seubersdorf.de\/schulpage\/wp-content\/uploads\/2025\/03\/01_RATTE-RUDI-GEHT-VON-BORD_Alejandro-Nicolas-Firlei-Fernandez-Ben-Weishaupt_Foto_Tom-Neumeier-Leather-80x80.jpg 80w, https:\/\/www.vs-seubersdorf.de\/schulpage\/wp-content\/uploads\/2025\/03\/01_RATTE-RUDI-GEHT-VON-BORD_Alejandro-Nicolas-Firlei-Fernandez-Ben-Weishaupt_Foto_Tom-Neumeier-Leather-320x320.jpg 320w\" sizes=\"(max-width: 300px) 100vw, 300px\" \/><\/a>\n\t\t\t<\/dt>\n\t\t\t\t<dd class='wp-caption-text gallery-caption' id='gallery-1-21709'>\n\t\t\t\t\u00a9 Tom Neumeier Leather\n\t\t\t\t<\/dd><\/dl><dl class='gallery-item'>\n\t\t\t<dt class='gallery-icon landscape'>\n\t\t\t\t<a href='https:\/\/www.vs-seubersdorf.de\/schulpage\/wp-content\/uploads\/2025\/03\/02_RATTE-RUDI-GEHT-VON-BORD_Felix-Rabas-Alejandro-Nicolas-Firlei-Fernandez_Foto_Tom-Neumeier-Leather.jpg'><img width=\"300\" height=\"300\" src=\"https:\/\/www.vs-seubersdorf.de\/schulpage\/wp-content\/uploads\/2025\/03\/02_RATTE-RUDI-GEHT-VON-BORD_Felix-Rabas-Alejandro-Nicolas-Firlei-Fernandez_Foto_Tom-Neumeier-Leather-300x300.jpg\" class=\"attachment-thumbnail size-thumbnail\" alt=\"\" decoding=\"async\" aria-describedby=\"gallery-1-21710\" loading=\"lazy\" srcset=\"https:\/\/www.vs-seubersdorf.de\/schulpage\/wp-content\/uploads\/2025\/03\/02_RATTE-RUDI-GEHT-VON-BORD_Felix-Rabas-Alejandro-Nicolas-Firlei-Fernandez_Foto_Tom-Neumeier-Leather-300x300.jpg 300w, https:\/\/www.vs-seubersdorf.de\/schulpage\/wp-content\/uploads\/2025\/03\/02_RATTE-RUDI-GEHT-VON-BORD_Felix-Rabas-Alejandro-Nicolas-Firlei-Fernandez_Foto_Tom-Neumeier-Leather-80x80.jpg 80w, https:\/\/www.vs-seubersdorf.de\/schulpage\/wp-content\/uploads\/2025\/03\/02_RATTE-RUDI-GEHT-VON-BORD_Felix-Rabas-Alejandro-Nicolas-Firlei-Fernandez_Foto_Tom-Neumeier-Leather-320x320.jpg 320w\" sizes=\"(max-width: 300px) 100vw, 300px\" \/><\/a>\n\t\t\t<\/dt>\n\t\t\t\t<dd class='wp-caption-text gallery-caption' id='gallery-1-21710'>\n\t\t\t\t\u00a9 Tom Neumeier Leather\n\t\t\t\t<\/dd><\/dl><dl class='gallery-item'>\n\t\t\t<dt class='gallery-icon landscape'>\n\t\t\t\t<a href='https:\/\/www.vs-seubersdorf.de\/schulpage\/wp-content\/uploads\/2025\/03\/05_RATTE-RUDI-GEHT-VON-BORD_Alejandro-Nicolas-Firlei-Fernandez_Foto_Tom-Neumeier-Leather.jpg'><img width=\"300\" height=\"300\" src=\"https:\/\/www.vs-seubersdorf.de\/schulpage\/wp-content\/uploads\/2025\/03\/05_RATTE-RUDI-GEHT-VON-BORD_Alejandro-Nicolas-Firlei-Fernandez_Foto_Tom-Neumeier-Leather-300x300.jpg\" class=\"attachment-thumbnail size-thumbnail\" alt=\"\" decoding=\"async\" aria-describedby=\"gallery-1-21711\" loading=\"lazy\" srcset=\"https:\/\/www.vs-seubersdorf.de\/schulpage\/wp-content\/uploads\/2025\/03\/05_RATTE-RUDI-GEHT-VON-BORD_Alejandro-Nicolas-Firlei-Fernandez_Foto_Tom-Neumeier-Leather-300x300.jpg 300w, https:\/\/www.vs-seubersdorf.de\/schulpage\/wp-content\/uploads\/2025\/03\/05_RATTE-RUDI-GEHT-VON-BORD_Alejandro-Nicolas-Firlei-Fernandez_Foto_Tom-Neumeier-Leather-80x80.jpg 80w, https:\/\/www.vs-seubersdorf.de\/schulpage\/wp-content\/uploads\/2025\/03\/05_RATTE-RUDI-GEHT-VON-BORD_Alejandro-Nicolas-Firlei-Fernandez_Foto_Tom-Neumeier-Leather-320x320.jpg 320w\" sizes=\"(max-width: 300px) 100vw, 300px\" \/><\/a>\n\t\t\t<\/dt>\n\t\t\t\t<dd class='wp-caption-text gallery-caption' id='gallery-1-21711'>\n\t\t\t\t\u00a9 Tom Neumeier Leather\n\t\t\t\t<\/dd><\/dl><br style=\"clear: both\" \/><dl class='gallery-item'>\n\t\t\t<dt class='gallery-icon landscape'>\n\t\t\t\t<a href='https:\/\/www.vs-seubersdorf.de\/schulpage\/wp-content\/uploads\/2025\/03\/06_RATTE-RUDI-GEHT-VON-BORD_Alejandro-Nicolas-Firlei-Fernandez-Felix-Rabas_Foto_Tom-Neumeier-Leather.jpg'><img width=\"300\" height=\"300\" src=\"https:\/\/www.vs-seubersdorf.de\/schulpage\/wp-content\/uploads\/2025\/03\/06_RATTE-RUDI-GEHT-VON-BORD_Alejandro-Nicolas-Firlei-Fernandez-Felix-Rabas_Foto_Tom-Neumeier-Leather-300x300.jpg\" class=\"attachment-thumbnail size-thumbnail\" alt=\"\" decoding=\"async\" aria-describedby=\"gallery-1-21712\" loading=\"lazy\" srcset=\"https:\/\/www.vs-seubersdorf.de\/schulpage\/wp-content\/uploads\/2025\/03\/06_RATTE-RUDI-GEHT-VON-BORD_Alejandro-Nicolas-Firlei-Fernandez-Felix-Rabas_Foto_Tom-Neumeier-Leather-300x300.jpg 300w, https:\/\/www.vs-seubersdorf.de\/schulpage\/wp-content\/uploads\/2025\/03\/06_RATTE-RUDI-GEHT-VON-BORD_Alejandro-Nicolas-Firlei-Fernandez-Felix-Rabas_Foto_Tom-Neumeier-Leather-80x80.jpg 80w, https:\/\/www.vs-seubersdorf.de\/schulpage\/wp-content\/uploads\/2025\/03\/06_RATTE-RUDI-GEHT-VON-BORD_Alejandro-Nicolas-Firlei-Fernandez-Felix-Rabas_Foto_Tom-Neumeier-Leather-320x320.jpg 320w\" sizes=\"(max-width: 300px) 100vw, 300px\" \/><\/a>\n\t\t\t<\/dt>\n\t\t\t\t<dd class='wp-caption-text gallery-caption' id='gallery-1-21712'>\n\t\t\t\t\u00a9 Tom Neumeier Leather\n\t\t\t\t<\/dd><\/dl><dl class='gallery-item'>\n\t\t\t<dt class='gallery-icon landscape'>\n\t\t\t\t<a href='https:\/\/www.vs-seubersdorf.de\/schulpage\/wp-content\/uploads\/2025\/03\/07_RATTE-RUDI-GEHT-VON-BORD_Alejandro-Nicolas-Firlei-Fernandez-Felix-Rabas_Foto_Tom-Neumeier-Leather.jpg'><img width=\"300\" height=\"300\" src=\"https:\/\/www.vs-seubersdorf.de\/schulpage\/wp-content\/uploads\/2025\/03\/07_RATTE-RUDI-GEHT-VON-BORD_Alejandro-Nicolas-Firlei-Fernandez-Felix-Rabas_Foto_Tom-Neumeier-Leather-300x300.jpg\" class=\"attachment-thumbnail size-thumbnail\" alt=\"\" decoding=\"async\" aria-describedby=\"gallery-1-21713\" loading=\"lazy\" srcset=\"https:\/\/www.vs-seubersdorf.de\/schulpage\/wp-content\/uploads\/2025\/03\/07_RATTE-RUDI-GEHT-VON-BORD_Alejandro-Nicolas-Firlei-Fernandez-Felix-Rabas_Foto_Tom-Neumeier-Leather-300x300.jpg 300w, https:\/\/www.vs-seubersdorf.de\/schulpage\/wp-content\/uploads\/2025\/03\/07_RATTE-RUDI-GEHT-VON-BORD_Alejandro-Nicolas-Firlei-Fernandez-Felix-Rabas_Foto_Tom-Neumeier-Leather-80x80.jpg 80w, https:\/\/www.vs-seubersdorf.de\/schulpage\/wp-content\/uploads\/2025\/03\/07_RATTE-RUDI-GEHT-VON-BORD_Alejandro-Nicolas-Firlei-Fernandez-Felix-Rabas_Foto_Tom-Neumeier-Leather-320x320.jpg 320w\" sizes=\"(max-width: 300px) 100vw, 300px\" \/><\/a>\n\t\t\t<\/dt>\n\t\t\t\t<dd class='wp-caption-text gallery-caption' id='gallery-1-21713'>\n\t\t\t\t\u00a9 Tom Neumeier Leather\n\t\t\t\t<\/dd><\/dl><dl class='gallery-item'>\n\t\t\t<dt class='gallery-icon landscape'>\n\t\t\t\t<a href='https:\/\/www.vs-seubersdorf.de\/schulpage\/wp-content\/uploads\/2025\/03\/08_RATTE-RUDI-GEHT-VON-BORD_Felix-Rabas-Alejandro-Nicolas-Firlei-Fernandez_Foto_Tom-Neumeier-Leather.jpg'><img width=\"300\" height=\"300\" src=\"https:\/\/www.vs-seubersdorf.de\/schulpage\/wp-content\/uploads\/2025\/03\/08_RATTE-RUDI-GEHT-VON-BORD_Felix-Rabas-Alejandro-Nicolas-Firlei-Fernandez_Foto_Tom-Neumeier-Leather-300x300.jpg\" class=\"attachment-thumbnail size-thumbnail\" alt=\"\" decoding=\"async\" aria-describedby=\"gallery-1-21714\" loading=\"lazy\" srcset=\"https:\/\/www.vs-seubersdorf.de\/schulpage\/wp-content\/uploads\/2025\/03\/08_RATTE-RUDI-GEHT-VON-BORD_Felix-Rabas-Alejandro-Nicolas-Firlei-Fernandez_Foto_Tom-Neumeier-Leather-300x300.jpg 300w, https:\/\/www.vs-seubersdorf.de\/schulpage\/wp-content\/uploads\/2025\/03\/08_RATTE-RUDI-GEHT-VON-BORD_Felix-Rabas-Alejandro-Nicolas-Firlei-Fernandez_Foto_Tom-Neumeier-Leather-80x80.jpg 80w, https:\/\/www.vs-seubersdorf.de\/schulpage\/wp-content\/uploads\/2025\/03\/08_RATTE-RUDI-GEHT-VON-BORD_Felix-Rabas-Alejandro-Nicolas-Firlei-Fernandez_Foto_Tom-Neumeier-Leather-320x320.jpg 320w\" sizes=\"(max-width: 300px) 100vw, 300px\" \/><\/a>\n\t\t\t<\/dt>\n\t\t\t\t<dd class='wp-caption-text gallery-caption' id='gallery-1-21714'>\n\t\t\t\t\u00a9 Tom Neumeier Leather\n\t\t\t\t<\/dd><\/dl><br style=\"clear: both\" \/>\n\t\t<\/div>\n\n","protected":false},"excerpt":{"rendered":"<p>Am 19. M\u00e4rz hatten die beiden zweiten Klassen unserer Schule das Vergn\u00fcgen, mit ihren Lehrerinnen Frau Apfelbacher und Frau Braun&#46;&#46;&#46;<\/p>\n","protected":false},"author":2,"featured_media":21708,"comment_status":"closed","ping_status":"closed","sticky":false,"template":"","format":"image","meta":{"footnotes":""},"categories":[4,275],"tags":[299,300],"_links":{"self":[{"href":"https:\/\/www.vs-seubersdorf.de\/schulpage\/index.php?rest_route=\/wp\/v2\/posts\/21707"}],"collection":[{"href":"https:\/\/www.vs-seubersdorf.de\/schulpage\/index.php?rest_route=\/wp\/v2\/posts"}],"about":[{"href":"https:\/\/www.vs-seubersdorf.de\/schulpage\/index.php?rest_route=\/wp\/v2\/types\/post"}],"author":[{"embeddable":true,"href":"https:\/\/www.vs-seubersdorf.de\/schulpage\/index.php?rest_route=\/wp\/v2\/users\/2"}],"replies":[{"embeddable":true,"href":"https:\/\/www.vs-seubersdorf.de\/schulpage\/index.php?rest_route=%2Fwp%2Fv2%2Fcomments&post=21707"}],"version-history":[{"count":0,"href":"https:\/\/www.vs-seubersdorf.de\/schulpage\/index.php?rest_route=\/wp\/v2\/posts\/21707\/revisions"}],"wp:featuredmedia":[{"embeddable":true,"href":"https:\/\/www.vs-seubersdorf.de\/schulpage\/index.php?rest_route=\/wp\/v2\/media\/21708"}],"wp:attachment":[{"href":"https:\/\/www.vs-seubersdorf.de\/schulpage\/index.php?rest_route=%2Fwp%2Fv2%2Fmedia&parent=21707"}],"wp:term":[{"taxonomy":"category","embeddable":true,"href":"https:\/\/www.vs-seubersdorf.de\/schulpage\/index.php?rest_route=%2Fwp%2Fv2%2Fcategories&post=21707"},{"taxonomy":"post_tag","embeddable":true,"href":"https:\/\/www.vs-seubersdorf.de\/schulpage\/index.php?rest_route=%2Fwp%2Fv2%2Ftags&post=21707"}],"curies":[{"name":"wp","href":"https:\/\/api.w.org\/{rel}","templated":true}]}}