{"id":21506,"date":"2024-12-17T14:36:13","date_gmt":"2024-12-17T13:36:13","guid":{"rendered":"https:\/\/www.vs-seubersdorf.de\/schulpage\/?p=21506"},"modified":"2024-12-17T14:36:13","modified_gmt":"2024-12-17T13:36:13","slug":"weihnachtsaktion-der-smv-ein-fest-fuer-alle-sinne","status":"publish","type":"post","link":"https:\/\/www.vs-seubersdorf.de\/schulpage\/?p=21506","title":{"rendered":"Weihnachtsaktion der SMV: Ein Fest f\u00fcr alle Sinne"},"content":{"rendered":"<p>In der Aula der Grund- und Mittelschule fand k\u00fcrzlich eine wunderbare Weihnachtsaktion der Sch\u00fclervertretung (SMV) statt, die bei alle Sch\u00fclerinnen und Sch\u00fclern gro\u00dfen Anklang fand. Die SMV hatte sich ins Zeug gelegt und eine Verkaufsaktion organisiert, die bei den Sch\u00fclern auf gro\u00dfe Begeisterung stie\u00df. Sch\u00fclerinnen und Sch\u00fcler dr\u00e4ngten sich in der Aula, um die selbst gebackenen Waffeln und Cr\u00eapes zu probieren. Die Waffeln, frisch zubereitet, waren ein absoluter Hit. Auch die Cr\u00eapes, die mit k\u00f6stlichen F\u00fcllungen angeboten wurden, fanden rei\u00dfenden Absatz und lie\u00dfen die Herzen der Kinder h\u00f6herschlagen. Ein weiteres Highlight der Verkaufsaktion war der hei\u00dfe Kinderpunsch, der die kalten Wintertage erw\u00e4rmte und f\u00fcr eine gem\u00fctliche Atmosph\u00e4re sorgte. Die Kombination aus dem s\u00fc\u00dfen Duft der Waffeln und Cr\u00eapes und dem wohltuenden Punsch machte die Pause zu einem besonderen Erlebnis f\u00fcr alle. Die Weihnachtsaktion der SMV war nicht nur ein kulinarischer Genuss, sondern auch eine Gelegenheit f\u00fcr die Sch\u00fclerinnen und Sch\u00fcler, sich in der festlichen Jahreszeit zusammenzufinden. Die SMV zeigte mit dieser Aktion, wie wichtig Gemeinschaft und Zusammenhalt sind, und brachte ein St\u00fcck Weihnachtszauber in den Schulalltag.<\/p>\n<p>Ein herzliches Dankesch\u00f6n an alle, die zum Gelingen dieser Aktion beigetragen haben \u2013 von den flei\u00dfigen B\u00e4ckern, den betreuenden Lehrkr\u00e4ften Frau Geitner und Herrn Neidhardt, bis hin zu den engagierten Helfern, die die Verkaufsst\u00e4nde betreuten. Die Weihnachtsaktion war ein voller Erfolg und wird sicherlich allen in guter Erinnerung bleiben. Wir freuen uns schon auf die n\u00e4chsten gemeinsamen Aktionen und w\u00fcnschen allen eine besinnliche und fr\u00f6hliche Weihnachtszeit! (me)<\/p>\n\n\t\t<style>\n\t\t\t#gallery-1 {\n\t\t\t\tmargin: auto;\n\t\t\t}\n\t\t\t#gallery-1 .gallery-item {\n\t\t\t\tfloat: left;\n\t\t\t\tmargin-top: 10px;\n\t\t\t\ttext-align: center;\n\t\t\t\twidth: 33%;\n\t\t\t}\n\t\t\t#gallery-1 img {\n\t\t\t\tborder: 2px solid #cfcfcf;\n\t\t\t}\n\t\t\t#gallery-1 .gallery-caption {\n\t\t\t\tmargin-left: 0;\n\t\t\t}\n\t\t\t\/* see gallery_shortcode() in wp-includes\/media.php *\/\n\t\t<\/style>\n\t\t<div id='gallery-1' class='gallery galleryid-21506 gallery-columns-3 gallery-size-thumbnail'><dl class='gallery-item'>\n\t\t\t<dt class='gallery-icon landscape'>\n\t\t\t\t<a href='https:\/\/www.vs-seubersdorf.de\/schulpage\/wp-content\/uploads\/2024\/12\/SMV-Weihnachtsverkauf-001.jpg'><img width=\"300\" height=\"300\" src=\"https:\/\/www.vs-seubersdorf.de\/schulpage\/wp-content\/uploads\/2024\/12\/SMV-Weihnachtsverkauf-001-300x300.jpg\" class=\"attachment-thumbnail size-thumbnail\" alt=\"\" decoding=\"async\" loading=\"lazy\" srcset=\"https:\/\/www.vs-seubersdorf.de\/schulpage\/wp-content\/uploads\/2024\/12\/SMV-Weihnachtsverkauf-001-300x300.jpg 300w, https:\/\/www.vs-seubersdorf.de\/schulpage\/wp-content\/uploads\/2024\/12\/SMV-Weihnachtsverkauf-001-80x80.jpg 80w, https:\/\/www.vs-seubersdorf.de\/schulpage\/wp-content\/uploads\/2024\/12\/SMV-Weihnachtsverkauf-001-320x320.jpg 320w\" sizes=\"(max-width: 300px) 100vw, 300px\" \/><\/a>\n\t\t\t<\/dt><\/dl><dl class='gallery-item'>\n\t\t\t<dt class='gallery-icon landscape'>\n\t\t\t\t<a href='https:\/\/www.vs-seubersdorf.de\/schulpage\/wp-content\/uploads\/2024\/12\/SMV-Weihnachtsverkauf-002.jpg'><img width=\"300\" height=\"300\" src=\"https:\/\/www.vs-seubersdorf.de\/schulpage\/wp-content\/uploads\/2024\/12\/SMV-Weihnachtsverkauf-002-300x300.jpg\" class=\"attachment-thumbnail size-thumbnail\" alt=\"\" decoding=\"async\" loading=\"lazy\" srcset=\"https:\/\/www.vs-seubersdorf.de\/schulpage\/wp-content\/uploads\/2024\/12\/SMV-Weihnachtsverkauf-002-300x300.jpg 300w, https:\/\/www.vs-seubersdorf.de\/schulpage\/wp-content\/uploads\/2024\/12\/SMV-Weihnachtsverkauf-002-80x80.jpg 80w, https:\/\/www.vs-seubersdorf.de\/schulpage\/wp-content\/uploads\/2024\/12\/SMV-Weihnachtsverkauf-002-320x320.jpg 320w\" sizes=\"(max-width: 300px) 100vw, 300px\" \/><\/a>\n\t\t\t<\/dt><\/dl><dl class='gallery-item'>\n\t\t\t<dt class='gallery-icon landscape'>\n\t\t\t\t<a href='https:\/\/www.vs-seubersdorf.de\/schulpage\/wp-content\/uploads\/2024\/12\/SMV-Weihnachtsverkauf-003.jpg'><img width=\"300\" height=\"300\" src=\"https:\/\/www.vs-seubersdorf.de\/schulpage\/wp-content\/uploads\/2024\/12\/SMV-Weihnachtsverkauf-003-300x300.jpg\" class=\"attachment-thumbnail size-thumbnail\" alt=\"\" decoding=\"async\" loading=\"lazy\" srcset=\"https:\/\/www.vs-seubersdorf.de\/schulpage\/wp-content\/uploads\/2024\/12\/SMV-Weihnachtsverkauf-003-300x300.jpg 300w, https:\/\/www.vs-seubersdorf.de\/schulpage\/wp-content\/uploads\/2024\/12\/SMV-Weihnachtsverkauf-003-80x80.jpg 80w, https:\/\/www.vs-seubersdorf.de\/schulpage\/wp-content\/uploads\/2024\/12\/SMV-Weihnachtsverkauf-003-320x320.jpg 320w\" sizes=\"(max-width: 300px) 100vw, 300px\" \/><\/a>\n\t\t\t<\/dt><\/dl><br style=\"clear: both\" \/>\n\t\t<\/div>\n\n<p>&nbsp;<\/p>\n","protected":false},"excerpt":{"rendered":"<p>In der Aula der Grund- und Mittelschule fand k\u00fcrzlich eine wunderbare Weihnachtsaktion der Sch\u00fclervertretung (SMV) statt, die bei alle Sch\u00fclerinnen&#46;&#46;&#46;<\/p>\n","protected":false},"author":2,"featured_media":21510,"comment_status":"closed","ping_status":"closed","sticky":false,"template":"","format":"image","meta":{"footnotes":""},"categories":[3,9],"tags":[],"_links":{"self":[{"href":"https:\/\/www.vs-seubersdorf.de\/schulpage\/index.php?rest_route=\/wp\/v2\/posts\/21506"}],"collection":[{"href":"https:\/\/www.vs-seubersdorf.de\/schulpage\/index.php?rest_route=\/wp\/v2\/posts"}],"about":[{"href":"https:\/\/www.vs-seubersdorf.de\/schulpage\/index.php?rest_route=\/wp\/v2\/types\/post"}],"author":[{"embeddable":true,"href":"https:\/\/www.vs-seubersdorf.de\/schulpage\/index.php?rest_route=\/wp\/v2\/users\/2"}],"replies":[{"embeddable":true,"href":"https:\/\/www.vs-seubersdorf.de\/schulpage\/index.php?rest_route=%2Fwp%2Fv2%2Fcomments&post=21506"}],"version-history":[{"count":0,"href":"https:\/\/www.vs-seubersdorf.de\/schulpage\/index.php?rest_route=\/wp\/v2\/posts\/21506\/revisions"}],"wp:featuredmedia":[{"embeddable":true,"href":"https:\/\/www.vs-seubersdorf.de\/schulpage\/index.php?rest_route=\/wp\/v2\/media\/21510"}],"wp:attachment":[{"href":"https:\/\/www.vs-seubersdorf.de\/schulpage\/index.php?rest_route=%2Fwp%2Fv2%2Fmedia&parent=21506"}],"wp:term":[{"taxonomy":"category","embeddable":true,"href":"https:\/\/www.vs-seubersdorf.de\/schulpage\/index.php?rest_route=%2Fwp%2Fv2%2Fcategories&post=21506"},{"taxonomy":"post_tag","embeddable":true,"href":"https:\/\/www.vs-seubersdorf.de\/schulpage\/index.php?rest_route=%2Fwp%2Fv2%2Ftags&post=21506"}],"curies":[{"name":"wp","href":"https:\/\/api.w.org\/{rel}","templated":true}]}}