{"id":20386,"date":"2023-09-12T16:51:51","date_gmt":"2023-09-12T15:51:51","guid":{"rendered":"https:\/\/www.vs-seubersdorf.de\/schulpage\/?p=20386"},"modified":"2023-09-12T16:52:42","modified_gmt":"2023-09-12T15:52:42","slug":"hurra-ich-bin-ein-schulkind-3","status":"publish","type":"post","link":"https:\/\/www.vs-seubersdorf.de\/schulpage\/?p=20386","title":{"rendered":"Hurra, ich bin ein Schulkind!"},"content":{"rendered":"<p>Voller Aufregung und Vorfreude betraten unsere 51 Schulanf\u00e4nger am Dienstagmorgen die Turnhalle. Die bunten und prallgef\u00fcllten Schult\u00fcten zierten den Boden vor ihnen und zeigten, wie individuell nicht nur die T\u00fcten sondern auch die Kinder selbst sind. Die Feierlichkeiten begannen mit einer Rede von Schulleiter Markus Eigenstetter, in der er die Kinder mit vielen guten W\u00fcnschen an der Grundschule Seubersdorf willkommen hie\u00df. Nachdem auch unsere Konrektorin Heike Braun die ABC-Sch\u00fctzen begr\u00fc\u00dfte, feierten alle Anwesenden eine \u00f6kumenische Andacht unter der Leitung von Herrn Pfarrer Gr\u00e4ff und Frau Luise Glo\u00dfner. Musikalisch unterst\u00fctzt wurden sie dabei von Frau Theresa Reisinger, die mit Keyboard und bekannten Liedern zum Mitsingen animierte. F\u00fcr die Klasse von Frau Apfelbacher ging es danach direkt zum Fototermin, w\u00e4hrend die Sch\u00fcler von Frau Braun im Klassenzimmer schon ihre erste Schulstunde erleben durften. W\u00e4hrenddessen wurden die Angeh\u00f6rigen in der Aula von unserem Elternbeirat mit Kaffee und Kuchen bewirtet.<\/p>\n<p>Gl\u00fccklich und mit vielen neuen Eindr\u00fccken im Gep\u00e4ck wurden die Kleinen zum Schluss von ihren Lehrerinnen in den Pausenhof gebracht, wo sie von ihren Eltern gespannt in Empfang genommen wurden. Wir bedanken uns sehr herzlich bei allen, die dazu beigetragen haben, den Vormittag zu einem unvergesslichen Erlebnis f\u00fcr unsere Kinder zu machen und w\u00fcnschen unseren Erstkl\u00e4sslern einen tollen Start in ihr Schulleben. (sg)<\/p>\n\n\t\t<style>\n\t\t\t#gallery-1 {\n\t\t\t\tmargin: auto;\n\t\t\t}\n\t\t\t#gallery-1 .gallery-item {\n\t\t\t\tfloat: left;\n\t\t\t\tmargin-top: 10px;\n\t\t\t\ttext-align: center;\n\t\t\t\twidth: 33%;\n\t\t\t}\n\t\t\t#gallery-1 img {\n\t\t\t\tborder: 2px solid #cfcfcf;\n\t\t\t}\n\t\t\t#gallery-1 .gallery-caption {\n\t\t\t\tmargin-left: 0;\n\t\t\t}\n\t\t\t\/* see gallery_shortcode() in wp-includes\/media.php *\/\n\t\t<\/style>\n\t\t<div id='gallery-1' class='gallery galleryid-20386 gallery-columns-3 gallery-size-thumbnail'><dl class='gallery-item'>\n\t\t\t<dt class='gallery-icon landscape'>\n\t\t\t\t<a href='https:\/\/www.vs-seubersdorf.de\/schulpage\/wp-content\/uploads\/2023\/09\/Schulanfang-1.jpg'><img width=\"300\" height=\"300\" src=\"https:\/\/www.vs-seubersdorf.de\/schulpage\/wp-content\/uploads\/2023\/09\/Schulanfang-1-300x300.jpg\" class=\"attachment-thumbnail size-thumbnail\" alt=\"\" decoding=\"async\" loading=\"lazy\" srcset=\"https:\/\/www.vs-seubersdorf.de\/schulpage\/wp-content\/uploads\/2023\/09\/Schulanfang-1-300x300.jpg 300w, https:\/\/www.vs-seubersdorf.de\/schulpage\/wp-content\/uploads\/2023\/09\/Schulanfang-1-80x80.jpg 80w, https:\/\/www.vs-seubersdorf.de\/schulpage\/wp-content\/uploads\/2023\/09\/Schulanfang-1-320x320.jpg 320w\" sizes=\"(max-width: 300px) 100vw, 300px\" \/><\/a>\n\t\t\t<\/dt><\/dl><dl class='gallery-item'>\n\t\t\t<dt class='gallery-icon landscape'>\n\t\t\t\t<a href='https:\/\/www.vs-seubersdorf.de\/schulpage\/wp-content\/uploads\/2023\/09\/Schulanfang-2.jpg'><img width=\"300\" height=\"300\" src=\"https:\/\/www.vs-seubersdorf.de\/schulpage\/wp-content\/uploads\/2023\/09\/Schulanfang-2-300x300.jpg\" class=\"attachment-thumbnail size-thumbnail\" alt=\"\" decoding=\"async\" loading=\"lazy\" srcset=\"https:\/\/www.vs-seubersdorf.de\/schulpage\/wp-content\/uploads\/2023\/09\/Schulanfang-2-300x300.jpg 300w, https:\/\/www.vs-seubersdorf.de\/schulpage\/wp-content\/uploads\/2023\/09\/Schulanfang-2-80x80.jpg 80w, https:\/\/www.vs-seubersdorf.de\/schulpage\/wp-content\/uploads\/2023\/09\/Schulanfang-2-320x320.jpg 320w\" sizes=\"(max-width: 300px) 100vw, 300px\" \/><\/a>\n\t\t\t<\/dt><\/dl><dl class='gallery-item'>\n\t\t\t<dt class='gallery-icon landscape'>\n\t\t\t\t<a href='https:\/\/www.vs-seubersdorf.de\/schulpage\/wp-content\/uploads\/2023\/09\/Schulanfang-3.jpg'><img width=\"300\" height=\"300\" src=\"https:\/\/www.vs-seubersdorf.de\/schulpage\/wp-content\/uploads\/2023\/09\/Schulanfang-3-300x300.jpg\" class=\"attachment-thumbnail size-thumbnail\" alt=\"\" decoding=\"async\" loading=\"lazy\" srcset=\"https:\/\/www.vs-seubersdorf.de\/schulpage\/wp-content\/uploads\/2023\/09\/Schulanfang-3-300x300.jpg 300w, https:\/\/www.vs-seubersdorf.de\/schulpage\/wp-content\/uploads\/2023\/09\/Schulanfang-3-80x80.jpg 80w, https:\/\/www.vs-seubersdorf.de\/schulpage\/wp-content\/uploads\/2023\/09\/Schulanfang-3-320x320.jpg 320w\" sizes=\"(max-width: 300px) 100vw, 300px\" \/><\/a>\n\t\t\t<\/dt><\/dl><br style=\"clear: both\" \/><dl class='gallery-item'>\n\t\t\t<dt class='gallery-icon landscape'>\n\t\t\t\t<a href='https:\/\/www.vs-seubersdorf.de\/schulpage\/wp-content\/uploads\/2023\/09\/Schulanfang-4.jpg'><img width=\"300\" height=\"300\" src=\"https:\/\/www.vs-seubersdorf.de\/schulpage\/wp-content\/uploads\/2023\/09\/Schulanfang-4-300x300.jpg\" class=\"attachment-thumbnail size-thumbnail\" alt=\"\" decoding=\"async\" loading=\"lazy\" srcset=\"https:\/\/www.vs-seubersdorf.de\/schulpage\/wp-content\/uploads\/2023\/09\/Schulanfang-4-300x300.jpg 300w, https:\/\/www.vs-seubersdorf.de\/schulpage\/wp-content\/uploads\/2023\/09\/Schulanfang-4-80x80.jpg 80w, https:\/\/www.vs-seubersdorf.de\/schulpage\/wp-content\/uploads\/2023\/09\/Schulanfang-4-320x320.jpg 320w\" sizes=\"(max-width: 300px) 100vw, 300px\" \/><\/a>\n\t\t\t<\/dt><\/dl><dl class='gallery-item'>\n\t\t\t<dt class='gallery-icon landscape'>\n\t\t\t\t<a href='https:\/\/www.vs-seubersdorf.de\/schulpage\/wp-content\/uploads\/2023\/09\/Schulanfang-5.jpg'><img width=\"300\" height=\"300\" src=\"https:\/\/www.vs-seubersdorf.de\/schulpage\/wp-content\/uploads\/2023\/09\/Schulanfang-5-300x300.jpg\" class=\"attachment-thumbnail size-thumbnail\" alt=\"\" decoding=\"async\" loading=\"lazy\" srcset=\"https:\/\/www.vs-seubersdorf.de\/schulpage\/wp-content\/uploads\/2023\/09\/Schulanfang-5-300x300.jpg 300w, https:\/\/www.vs-seubersdorf.de\/schulpage\/wp-content\/uploads\/2023\/09\/Schulanfang-5-80x80.jpg 80w, https:\/\/www.vs-seubersdorf.de\/schulpage\/wp-content\/uploads\/2023\/09\/Schulanfang-5-320x320.jpg 320w\" sizes=\"(max-width: 300px) 100vw, 300px\" \/><\/a>\n\t\t\t<\/dt><\/dl><dl class='gallery-item'>\n\t\t\t<dt class='gallery-icon landscape'>\n\t\t\t\t<a href='https:\/\/www.vs-seubersdorf.de\/schulpage\/wp-content\/uploads\/2023\/09\/Schulanfang-6.jpg'><img width=\"300\" height=\"300\" src=\"https:\/\/www.vs-seubersdorf.de\/schulpage\/wp-content\/uploads\/2023\/09\/Schulanfang-6-300x300.jpg\" class=\"attachment-thumbnail size-thumbnail\" alt=\"\" decoding=\"async\" loading=\"lazy\" srcset=\"https:\/\/www.vs-seubersdorf.de\/schulpage\/wp-content\/uploads\/2023\/09\/Schulanfang-6-300x300.jpg 300w, https:\/\/www.vs-seubersdorf.de\/schulpage\/wp-content\/uploads\/2023\/09\/Schulanfang-6-80x80.jpg 80w, https:\/\/www.vs-seubersdorf.de\/schulpage\/wp-content\/uploads\/2023\/09\/Schulanfang-6-320x320.jpg 320w\" sizes=\"(max-width: 300px) 100vw, 300px\" \/><\/a>\n\t\t\t<\/dt><\/dl><br style=\"clear: both\" \/>\n\t\t<\/div>\n\n","protected":false},"excerpt":{"rendered":"<p>Voller Aufregung und Vorfreude betraten unsere 51 Schulanf\u00e4nger am Dienstagmorgen die Turnhalle. Die bunten und prallgef\u00fcllten Schult\u00fcten zierten den Boden&#46;&#46;&#46;<\/p>\n","protected":false},"author":2,"featured_media":20393,"comment_status":"closed","ping_status":"closed","sticky":false,"template":"","format":"image","meta":{"footnotes":""},"categories":[3],"tags":[268,269],"_links":{"self":[{"href":"https:\/\/www.vs-seubersdorf.de\/schulpage\/index.php?rest_route=\/wp\/v2\/posts\/20386"}],"collection":[{"href":"https:\/\/www.vs-seubersdorf.de\/schulpage\/index.php?rest_route=\/wp\/v2\/posts"}],"about":[{"href":"https:\/\/www.vs-seubersdorf.de\/schulpage\/index.php?rest_route=\/wp\/v2\/types\/post"}],"author":[{"embeddable":true,"href":"https:\/\/www.vs-seubersdorf.de\/schulpage\/index.php?rest_route=\/wp\/v2\/users\/2"}],"replies":[{"embeddable":true,"href":"https:\/\/www.vs-seubersdorf.de\/schulpage\/index.php?rest_route=%2Fwp%2Fv2%2Fcomments&post=20386"}],"version-history":[{"count":0,"href":"https:\/\/www.vs-seubersdorf.de\/schulpage\/index.php?rest_route=\/wp\/v2\/posts\/20386\/revisions"}],"wp:featuredmedia":[{"embeddable":true,"href":"https:\/\/www.vs-seubersdorf.de\/schulpage\/index.php?rest_route=\/wp\/v2\/media\/20393"}],"wp:attachment":[{"href":"https:\/\/www.vs-seubersdorf.de\/schulpage\/index.php?rest_route=%2Fwp%2Fv2%2Fmedia&parent=20386"}],"wp:term":[{"taxonomy":"category","embeddable":true,"href":"https:\/\/www.vs-seubersdorf.de\/schulpage\/index.php?rest_route=%2Fwp%2Fv2%2Fcategories&post=20386"},{"taxonomy":"post_tag","embeddable":true,"href":"https:\/\/www.vs-seubersdorf.de\/schulpage\/index.php?rest_route=%2Fwp%2Fv2%2Ftags&post=20386"}],"curies":[{"name":"wp","href":"https:\/\/api.w.org\/{rel}","templated":true}]}}