{"id":20156,"date":"2023-06-16T11:49:42","date_gmt":"2023-06-16T10:49:42","guid":{"rendered":"https:\/\/www.vs-seubersdorf.de\/schulpage\/?p=20156"},"modified":"2023-06-29T14:29:06","modified_gmt":"2023-06-29T13:29:06","slug":"auf-dem-weg-zur-digitalen-schule-der-zukunft","status":"publish","type":"post","link":"https:\/\/www.vs-seubersdorf.de\/schulpage\/?p=20156","title":{"rendered":"Auf dem Weg zur \u201eDigitalen Schule der Zukunft\u201c"},"content":{"rendered":"<p>Schon seit mehreren Jahren nimmt die Grund- und die Mittelschule Seubersdorf die Herausforderung der Digitalisierung an. Grundvoraussetzung hierf\u00fcr ist die technische Ausstattung der Schule, die mit Mitteln des Digitalpaktes und wohlwollender Unterst\u00fctzung unserer Gemeinde geschaffen wurde. Die WLAN-Infrastruktur im Schulhaus wurde ausgebaut, perfekt ausgestattete digitale Klassenzimmer und ausreichend mobile Ger\u00e4te f\u00fcr den Unterricht geh\u00f6ren mittlerweile zum Schulalltag. Die Grundlage hierf\u00fcr wurde gelegt durch die Erarbeitung eines schulinternen Medienkonzeptes und auch durch eine gezielte Fortbildung der Lehrkr\u00e4fte.<\/p>\n<p>Im Schuljahr 2022\/23 wagte sich die Mittelschule an ein neues Projekt. Sie wurde &#8211; wie insgesamt 250 Schulen in Bayern &#8211; als Pilotschule f\u00fcr das Projekt \u201eDigitale Schule der Zukunft\u201c ausgew\u00e4hlt. Worin besteht der Kern dieses Projekts? Die Sch\u00fclerinnen und Sch\u00fcler der 5. und der 7. Klasse wurden mit eigenen I-Pads ausgestattet, um mit diesen Ger\u00e4ten in und au\u00dferhalb der Schule zu lernen. In einer von Digitalit\u00e4t gepr\u00e4gten Welt erfahren die Jugendlichen somit eine realit\u00e4tsnahe Lernsituation, um auch \u00fcber die Schule hinaus vielf\u00e4ltige Kompetenzen zu erwerben. Dabei sollen zum einen zeitgem\u00e4\u00dfe Konzepte implementiert werden, welche die Sch\u00fcler zum Lernen mit mobilen Endger\u00e4ten bef\u00e4higen. Zum anderen ist aber auch der verantwortungsvolle Umgang mit den digitalen Ger\u00e4ten wichtig. Die Medienerziehung spielt dabei eine bedeutende Rolle.<\/p>\n<p>Um die Familien in der Anschaffung der Endger\u00e4te zu unterst\u00fctzen, gew\u00e4hrte der Freistaat Bayern einen Zuschuss \u00fcber 300,00 \u20ac. Die Gemeinde \u00fcbernahm dankenswerterweise die Kosten f\u00fcr die Einrichtung der Ger\u00e4te und die Lizenzkosten. Digitale Kompetenz ist f\u00fcr eine erfolgreiche Zukunft unverzichtbar, in diese Kompetenz der jungen Leute wird investiert. Ziel des Kultusministers ist es, dass schon im \u00fcbern\u00e4chsten Jahr alle Sch\u00fclerinnen und Sch\u00fclern mit mobilen Endger\u00e4ten ausgestattet werden. Im Schuljahr 2023\/24 k\u00f6nnen wir als Pilotschule mit zwei weiteren I-Pad-Klassen starten.<\/p>\n<p>Heute k\u00f6nnen die Klassenleiter Alexander H\u00f6hlig und Christoph Hofmaier auf ein erfolgreiches Schuljahr in der I-Pad-Klasse zur\u00fcckblicken. Ein bisheriges Fazit ergibt unterschiedliche R\u00fcckschl\u00fcsse: Die I-Pads wurden relativ schnell ein gewohnter und selbstverst\u00e4ndlicher Begleiter f\u00fcr die Kinder und Jugendlichen, die Bedienung der Apps, systematische Internetrecherche oder die F\u00fchrung digitaler Aufzeichnungen wurden schnell erlernt. Die Sch\u00fclerinnen und Sch\u00fcler selbst zeigen bereits eine breite technische Expertise und unterst\u00fctzen sich gegenseitig. Dadurch wird deutlich, dass die Arbeit an digitalen Ger\u00e4ten auch das gegenseitige Miteinander f\u00f6rdert. Es zeigte sich aber auch, dass eine gro\u00dfe Disziplin n\u00f6tig ist. Die Jugendlichen m\u00fcssen lernen, die Ger\u00e4te verantwortungsbewusst einzusetzen, in der Schule nur f\u00fcr unterrichtliche Zwecke zu verwenden und manchen Verlockungen zu widerstehen.<\/p>\n<p>Sehr wichtig ist es uns an der Schule aber auch, dass das digitale Lernen nur einer von vielen wichtigen Bausteinen unseres Schulkonzeptes ist. Im Vordergrund steht das Erlernen der Kernkompetenzen. Das Lesen, Schreiben und Rechnen in gewohnter Form darf nicht zu kurz kommen und kann durch digitales Lernen nur unterst\u00fctzt werden. Das Lernen mit analogen und digitalen Medien und Werkzeugen greift selbstverst\u00e4ndlich ineinander \u2013 im Klassenzimmer sowie beim Lernen zuhause. Auch die Werteerziehung, soziales Lernen, der musische, k\u00fcnstlerische und sportliche Bereich werden auch in unserer \u201eDigitalen Schule der Zukunft\u201c nicht vernachl\u00e4ssigt. (me)<\/p>\n<p style=\"text-align: center;\"><a href=\"https:\/\/www.vs-seubersdorf.de\/schulpage\/wp-content\/uploads\/2023\/06\/Noch-mehr-Kinder-sollen-digital-lernen_29-06-2023.pdf\" target=\"_blank\" rel=\"noopener\"><strong>Artikel im Neumarkter Tagblatt vom 26.06.2023<\/strong><\/a><\/p>\n\n\t\t<style>\n\t\t\t#gallery-1 {\n\t\t\t\tmargin: auto;\n\t\t\t}\n\t\t\t#gallery-1 .gallery-item {\n\t\t\t\tfloat: left;\n\t\t\t\tmargin-top: 10px;\n\t\t\t\ttext-align: center;\n\t\t\t\twidth: 33%;\n\t\t\t}\n\t\t\t#gallery-1 img {\n\t\t\t\tborder: 2px solid #cfcfcf;\n\t\t\t}\n\t\t\t#gallery-1 .gallery-caption {\n\t\t\t\tmargin-left: 0;\n\t\t\t}\n\t\t\t\/* see gallery_shortcode() in wp-includes\/media.php *\/\n\t\t<\/style>\n\t\t<div id='gallery-1' class='gallery galleryid-20156 gallery-columns-3 gallery-size-thumbnail'><dl class='gallery-item'>\n\t\t\t<dt class='gallery-icon landscape'>\n\t\t\t\t<a href='https:\/\/www.vs-seubersdorf.de\/schulpage\/wp-content\/uploads\/2023\/06\/Digitale-Schule-der-Zukunft-003.jpg'><img width=\"300\" height=\"300\" src=\"https:\/\/www.vs-seubersdorf.de\/schulpage\/wp-content\/uploads\/2023\/06\/Digitale-Schule-der-Zukunft-003-300x300.jpg\" class=\"attachment-thumbnail size-thumbnail\" alt=\"\" decoding=\"async\" loading=\"lazy\" srcset=\"https:\/\/www.vs-seubersdorf.de\/schulpage\/wp-content\/uploads\/2023\/06\/Digitale-Schule-der-Zukunft-003-300x300.jpg 300w, https:\/\/www.vs-seubersdorf.de\/schulpage\/wp-content\/uploads\/2023\/06\/Digitale-Schule-der-Zukunft-003-80x80.jpg 80w, https:\/\/www.vs-seubersdorf.de\/schulpage\/wp-content\/uploads\/2023\/06\/Digitale-Schule-der-Zukunft-003-320x320.jpg 320w\" sizes=\"(max-width: 300px) 100vw, 300px\" \/><\/a>\n\t\t\t<\/dt><\/dl><dl class='gallery-item'>\n\t\t\t<dt class='gallery-icon landscape'>\n\t\t\t\t<a href='https:\/\/www.vs-seubersdorf.de\/schulpage\/wp-content\/uploads\/2023\/06\/Digitale-Schule-der-Zukunft-001.jpg'><img width=\"300\" height=\"300\" src=\"https:\/\/www.vs-seubersdorf.de\/schulpage\/wp-content\/uploads\/2023\/06\/Digitale-Schule-der-Zukunft-001-300x300.jpg\" class=\"attachment-thumbnail size-thumbnail\" alt=\"\" decoding=\"async\" loading=\"lazy\" srcset=\"https:\/\/www.vs-seubersdorf.de\/schulpage\/wp-content\/uploads\/2023\/06\/Digitale-Schule-der-Zukunft-001-300x300.jpg 300w, https:\/\/www.vs-seubersdorf.de\/schulpage\/wp-content\/uploads\/2023\/06\/Digitale-Schule-der-Zukunft-001-80x80.jpg 80w, https:\/\/www.vs-seubersdorf.de\/schulpage\/wp-content\/uploads\/2023\/06\/Digitale-Schule-der-Zukunft-001-320x320.jpg 320w\" sizes=\"(max-width: 300px) 100vw, 300px\" \/><\/a>\n\t\t\t<\/dt><\/dl><dl class='gallery-item'>\n\t\t\t<dt class='gallery-icon landscape'>\n\t\t\t\t<a href='https:\/\/www.vs-seubersdorf.de\/schulpage\/wp-content\/uploads\/2023\/06\/Digitale-Schule-der-Zukunft-004.jpg'><img width=\"300\" height=\"300\" src=\"https:\/\/www.vs-seubersdorf.de\/schulpage\/wp-content\/uploads\/2023\/06\/Digitale-Schule-der-Zukunft-004-300x300.jpg\" class=\"attachment-thumbnail size-thumbnail\" alt=\"\" decoding=\"async\" loading=\"lazy\" srcset=\"https:\/\/www.vs-seubersdorf.de\/schulpage\/wp-content\/uploads\/2023\/06\/Digitale-Schule-der-Zukunft-004-300x300.jpg 300w, https:\/\/www.vs-seubersdorf.de\/schulpage\/wp-content\/uploads\/2023\/06\/Digitale-Schule-der-Zukunft-004-80x80.jpg 80w, https:\/\/www.vs-seubersdorf.de\/schulpage\/wp-content\/uploads\/2023\/06\/Digitale-Schule-der-Zukunft-004-320x320.jpg 320w\" sizes=\"(max-width: 300px) 100vw, 300px\" \/><\/a>\n\t\t\t<\/dt><\/dl><br style=\"clear: both\" \/>\n\t\t<\/div>\n\n","protected":false},"excerpt":{"rendered":"<p>Schon seit mehreren Jahren nimmt die Grund- und die Mittelschule Seubersdorf die Herausforderung der Digitalisierung an. Grundvoraussetzung hierf\u00fcr ist die&#46;&#46;&#46;<\/p>\n","protected":false},"author":2,"featured_media":20160,"comment_status":"closed","ping_status":"closed","sticky":false,"template":"","format":"image","meta":{"footnotes":""},"categories":[4],"tags":[263,266],"_links":{"self":[{"href":"https:\/\/www.vs-seubersdorf.de\/schulpage\/index.php?rest_route=\/wp\/v2\/posts\/20156"}],"collection":[{"href":"https:\/\/www.vs-seubersdorf.de\/schulpage\/index.php?rest_route=\/wp\/v2\/posts"}],"about":[{"href":"https:\/\/www.vs-seubersdorf.de\/schulpage\/index.php?rest_route=\/wp\/v2\/types\/post"}],"author":[{"embeddable":true,"href":"https:\/\/www.vs-seubersdorf.de\/schulpage\/index.php?rest_route=\/wp\/v2\/users\/2"}],"replies":[{"embeddable":true,"href":"https:\/\/www.vs-seubersdorf.de\/schulpage\/index.php?rest_route=%2Fwp%2Fv2%2Fcomments&post=20156"}],"version-history":[{"count":0,"href":"https:\/\/www.vs-seubersdorf.de\/schulpage\/index.php?rest_route=\/wp\/v2\/posts\/20156\/revisions"}],"wp:featuredmedia":[{"embeddable":true,"href":"https:\/\/www.vs-seubersdorf.de\/schulpage\/index.php?rest_route=\/wp\/v2\/media\/20160"}],"wp:attachment":[{"href":"https:\/\/www.vs-seubersdorf.de\/schulpage\/index.php?rest_route=%2Fwp%2Fv2%2Fmedia&parent=20156"}],"wp:term":[{"taxonomy":"category","embeddable":true,"href":"https:\/\/www.vs-seubersdorf.de\/schulpage\/index.php?rest_route=%2Fwp%2Fv2%2Fcategories&post=20156"},{"taxonomy":"post_tag","embeddable":true,"href":"https:\/\/www.vs-seubersdorf.de\/schulpage\/index.php?rest_route=%2Fwp%2Fv2%2Ftags&post=20156"}],"curies":[{"name":"wp","href":"https:\/\/api.w.org\/{rel}","templated":true}]}}