{"id":19788,"date":"2022-12-27T17:47:06","date_gmt":"2022-12-27T16:47:06","guid":{"rendered":"https:\/\/www.vs-seubersdorf.de\/schulpage\/?p=19788"},"modified":"2022-12-27T17:47:14","modified_gmt":"2022-12-27T16:47:14","slug":"lasst-blumen-sprechen-praxisprojekt-mit-floristin","status":"publish","type":"post","link":"https:\/\/www.vs-seubersdorf.de\/schulpage\/?p=19788","title":{"rendered":"Lasst Blumen sprechen &#8211; Praxisprojekt mit Floristin"},"content":{"rendered":"<p>Unter diesem Motto stand am 12. Dezember das Fach Ern\u00e4hrung und Soziales f\u00fcr die Klasse M9a\/b. Floristin Sabine Kollmer gestaltete mit den Sch\u00fclerinnen und Sch\u00fclern &#8211; im Rahmen des Projektes &#8222;Praxis an Mittelschulen &#8211; Tischgestecke. Eingangs stellte Frau Kollmer die Jugendlichen kurz \u00fcber den Beruf Florist\/-in vor. Anschlie\u00dfend zeigte sie, welche Arbeitsmittel man f\u00fcr ein Blumengesteck ben\u00f6tigt und wie die Blumen, das Gef\u00e4\u00df und der Steckschwamm vorbereitet werden. Frau Kollmer erkl\u00e4rte die einzelnen Arbeitsschritte zum Anfertigen eines Gestecks anhand eines l\u00e4nglichen Tischgestecks. In Anschluss gestalteten alle Sch\u00fclerinnen und Sch\u00fcler unter ihrer Anleitung je ein kleines Tischgesteck. Die etwas andere Unterrichtsstunde machte den Jugendlichen sichtlich Spa\u00df und ihre ersten floristischen Versuche fanden viel Bewunderung. Mit den fertigen Gestecken wurde sp\u00e4ter in der Schulk\u00fcche noch das Eindecken und Dekorieren von Tischen ge\u00fcbt. (ag)<\/p>\n\n\t\t<style>\n\t\t\t#gallery-1 {\n\t\t\t\tmargin: auto;\n\t\t\t}\n\t\t\t#gallery-1 .gallery-item {\n\t\t\t\tfloat: left;\n\t\t\t\tmargin-top: 10px;\n\t\t\t\ttext-align: center;\n\t\t\t\twidth: 33%;\n\t\t\t}\n\t\t\t#gallery-1 img {\n\t\t\t\tborder: 2px solid #cfcfcf;\n\t\t\t}\n\t\t\t#gallery-1 .gallery-caption {\n\t\t\t\tmargin-left: 0;\n\t\t\t}\n\t\t\t\/* see gallery_shortcode() in wp-includes\/media.php *\/\n\t\t<\/style>\n\t\t<div id='gallery-1' class='gallery galleryid-19788 gallery-columns-3 gallery-size-thumbnail'><dl class='gallery-item'>\n\t\t\t<dt class='gallery-icon landscape'>\n\t\t\t\t<a href='https:\/\/www.vs-seubersdorf.de\/schulpage\/wp-content\/uploads\/2022\/12\/Floristikprojekt-1.jpg'><img width=\"300\" height=\"300\" src=\"https:\/\/www.vs-seubersdorf.de\/schulpage\/wp-content\/uploads\/2022\/12\/Floristikprojekt-1-300x300.jpg\" class=\"attachment-thumbnail size-thumbnail\" alt=\"\" decoding=\"async\" loading=\"lazy\" srcset=\"https:\/\/www.vs-seubersdorf.de\/schulpage\/wp-content\/uploads\/2022\/12\/Floristikprojekt-1-300x300.jpg 300w, https:\/\/www.vs-seubersdorf.de\/schulpage\/wp-content\/uploads\/2022\/12\/Floristikprojekt-1-80x80.jpg 80w, https:\/\/www.vs-seubersdorf.de\/schulpage\/wp-content\/uploads\/2022\/12\/Floristikprojekt-1-320x320.jpg 320w\" sizes=\"(max-width: 300px) 100vw, 300px\" \/><\/a>\n\t\t\t<\/dt><\/dl><dl class='gallery-item'>\n\t\t\t<dt class='gallery-icon landscape'>\n\t\t\t\t<a href='https:\/\/www.vs-seubersdorf.de\/schulpage\/wp-content\/uploads\/2022\/12\/Floristikprojekt-2.jpg'><img width=\"300\" height=\"300\" src=\"https:\/\/www.vs-seubersdorf.de\/schulpage\/wp-content\/uploads\/2022\/12\/Floristikprojekt-2-300x300.jpg\" class=\"attachment-thumbnail size-thumbnail\" alt=\"\" decoding=\"async\" loading=\"lazy\" srcset=\"https:\/\/www.vs-seubersdorf.de\/schulpage\/wp-content\/uploads\/2022\/12\/Floristikprojekt-2-300x300.jpg 300w, https:\/\/www.vs-seubersdorf.de\/schulpage\/wp-content\/uploads\/2022\/12\/Floristikprojekt-2-80x80.jpg 80w, https:\/\/www.vs-seubersdorf.de\/schulpage\/wp-content\/uploads\/2022\/12\/Floristikprojekt-2-320x320.jpg 320w\" sizes=\"(max-width: 300px) 100vw, 300px\" \/><\/a>\n\t\t\t<\/dt><\/dl><dl class='gallery-item'>\n\t\t\t<dt class='gallery-icon landscape'>\n\t\t\t\t<a href='https:\/\/www.vs-seubersdorf.de\/schulpage\/wp-content\/uploads\/2022\/12\/Floristikprojekt-3-1.jpg'><img width=\"300\" height=\"300\" src=\"https:\/\/www.vs-seubersdorf.de\/schulpage\/wp-content\/uploads\/2022\/12\/Floristikprojekt-3-1-300x300.jpg\" class=\"attachment-thumbnail size-thumbnail\" alt=\"\" decoding=\"async\" loading=\"lazy\" srcset=\"https:\/\/www.vs-seubersdorf.de\/schulpage\/wp-content\/uploads\/2022\/12\/Floristikprojekt-3-1-300x300.jpg 300w, https:\/\/www.vs-seubersdorf.de\/schulpage\/wp-content\/uploads\/2022\/12\/Floristikprojekt-3-1-80x80.jpg 80w, https:\/\/www.vs-seubersdorf.de\/schulpage\/wp-content\/uploads\/2022\/12\/Floristikprojekt-3-1-320x320.jpg 320w\" sizes=\"(max-width: 300px) 100vw, 300px\" \/><\/a>\n\t\t\t<\/dt><\/dl><br style=\"clear: both\" \/>\n\t\t<\/div>\n\n<p>&nbsp;<\/p>\n","protected":false},"excerpt":{"rendered":"<p>Unter diesem Motto stand am 12. Dezember das Fach Ern\u00e4hrung und Soziales f\u00fcr die Klasse M9a\/b. Floristin Sabine Kollmer gestaltete&#46;&#46;&#46;<\/p>\n","protected":false},"author":2,"featured_media":19792,"comment_status":"closed","ping_status":"closed","sticky":false,"template":"","format":"image","meta":{"footnotes":""},"categories":[7],"tags":[257,258],"_links":{"self":[{"href":"https:\/\/www.vs-seubersdorf.de\/schulpage\/index.php?rest_route=\/wp\/v2\/posts\/19788"}],"collection":[{"href":"https:\/\/www.vs-seubersdorf.de\/schulpage\/index.php?rest_route=\/wp\/v2\/posts"}],"about":[{"href":"https:\/\/www.vs-seubersdorf.de\/schulpage\/index.php?rest_route=\/wp\/v2\/types\/post"}],"author":[{"embeddable":true,"href":"https:\/\/www.vs-seubersdorf.de\/schulpage\/index.php?rest_route=\/wp\/v2\/users\/2"}],"replies":[{"embeddable":true,"href":"https:\/\/www.vs-seubersdorf.de\/schulpage\/index.php?rest_route=%2Fwp%2Fv2%2Fcomments&post=19788"}],"version-history":[{"count":0,"href":"https:\/\/www.vs-seubersdorf.de\/schulpage\/index.php?rest_route=\/wp\/v2\/posts\/19788\/revisions"}],"wp:featuredmedia":[{"embeddable":true,"href":"https:\/\/www.vs-seubersdorf.de\/schulpage\/index.php?rest_route=\/wp\/v2\/media\/19792"}],"wp:attachment":[{"href":"https:\/\/www.vs-seubersdorf.de\/schulpage\/index.php?rest_route=%2Fwp%2Fv2%2Fmedia&parent=19788"}],"wp:term":[{"taxonomy":"category","embeddable":true,"href":"https:\/\/www.vs-seubersdorf.de\/schulpage\/index.php?rest_route=%2Fwp%2Fv2%2Fcategories&post=19788"},{"taxonomy":"post_tag","embeddable":true,"href":"https:\/\/www.vs-seubersdorf.de\/schulpage\/index.php?rest_route=%2Fwp%2Fv2%2Ftags&post=19788"}],"curies":[{"name":"wp","href":"https:\/\/api.w.org\/{rel}","templated":true}]}}