{"id":19016,"date":"2021-11-22T19:59:30","date_gmt":"2021-11-22T18:59:30","guid":{"rendered":"https:\/\/www.vs-seubersdorf.de\/schulpage\/?p=19016"},"modified":"2021-11-22T20:02:33","modified_gmt":"2021-11-22T19:02:33","slug":"vorlesetag-viertklaessler-lesen-erst-und-zweitklaesslern-vor","status":"publish","type":"post","link":"https:\/\/www.vs-seubersdorf.de\/schulpage\/?p=19016","title":{"rendered":"Vorlesetag \u2013 Viertkl\u00e4ssler lesen Erst- und Zweitkl\u00e4sslern vor"},"content":{"rendered":"<p><em>\u201eGeschichten vom Franz\u201c, \u201eIch und meine Schwester Klara\u201c, \u201eSeepferdchen sind ausverkauft\u201c, \u201eCowboy Claus\u201c, \u201eRegenbogenfisch\u201c, \u201eDie wilden Kerle\u201c, \u201eFamilie Monster\u201c, \u201eDas Vorlesebuch f\u00fcr kleine starke Jungs\u201c<\/em> und viele weitere preisgekr\u00f6nte Perlen der Kinderliteratur standen am Freitag auf dem Tagesplan.<\/p>\n<p>Geschuldet war dies dem diesj\u00e4hrigen <em>Bundesweiten Vorlesetag &#8211; <\/em>Deutschlands gr\u00f6\u00dftem Vorlesefest. (<a href=\"https:\/\/www.vorlesetag.de\/\">https:\/\/www.vorlesetag.de\/<\/a>). Dieser Tag verweist auf die immense Bedeutung des Vorlesens und Lesens nicht nur f\u00fcr Bildungserfolg und gesellschaftliche Teilhabe, sondern vor allem auch f\u00fcr Lebensqualit\u00e4t und Lebensfreude.<\/p>\n<p>In diesem Jahr lasen an unserer Schule aber nicht nur Erwachsene den Kindern vor. Vielmehr beschlossen die beiden vierten Klassen bereits Anfang November, selber Vorleser zu werden. F\u00fcr die ersten und zweiten Klassen wollten sie vorlesen.<\/p>\n<p>F\u00fcr ihre Aktion bereiteten sich die Viertkl\u00e4ssler intensiv und hochmotiviert vor: Jeder Sch\u00fcler hatte ein geeignetes Buch auszuw\u00e4hlen und flei\u00dfig zu \u00fcben, um fl\u00fcssig und fehlerfrei vorlesen zu k\u00f6nnen. Aber das war l\u00e4ngst nicht alles: Gut betonen beim Vorlesen will trainiert werden, f\u00fcr viele war es schwer, nicht zu schnell zu lesen. Zudem wussten die \u201ealten Grundschulhasen\u201c, dass die Kleinen nicht sehr lange passiv zuh\u00f6ren k\u00f6nnen. Also \u00fcberlegten sich die \u201eGro\u00dfen\u201c Zwischenfragen und Bilderpr\u00e4sentationen.<\/p>\n<p>Am Freitag, den 19.11.21, war es soweit. Ihre Vorleseb\u00fccher fest in der Hand, holten die Viertkl\u00e4ssler ihre Sch\u00fctzlinge ab und suchten ihre Vorleseorte auf. Diese waren im gesamten Schulgeb\u00e4ude verteilt, auch ungew\u00f6hnliche Vorlesepl\u00e4tze waren dabei: Turnhalle, Flure, Musikr\u00e4ume etc. Sogar au\u00dferhalb des Schulgeb\u00e4udes konnten einige Vorleser aktiv werden: In der neuen Gemeindeb\u00fccherei n\u00e4mlich, die Frau Richard f\u00fcr uns \u00f6ffnete und betreute. Herzlichen Dank daf\u00fcr! Das ganz besondere Flair dieser Umgebung begeisterte die Sch\u00fcler.<\/p>\n<p>Genossen wurde Lesefutter aber auch im Sch\u00fclercaf\u00e9 und im chill-out-room. Herrlich zu lesen und zuzuh\u00f6ren war es in den R\u00e4umlichkeiten der Offenen Ganztagsschule, standen dort doch Kuschelecken und Teppiche zur Verf\u00fcgung. Ein gro\u00dfes Dankesch\u00f6n geht hier an Frau Anja Maier. Den gebannt lauschenden Leseanf\u00e4ngern war anzusehen, dass sie bei dieser Aktion B\u00fccher und Lesenk\u00f6nnen sch\u00e4tzen lernten. Viele Viertkl\u00e4ssler wollen weiter als Vorleser t\u00e4tig sein. Der Vorlesetag war in der Tat wirksam! (gs)<\/p>\n\n\t\t<style>\n\t\t\t#gallery-1 {\n\t\t\t\tmargin: auto;\n\t\t\t}\n\t\t\t#gallery-1 .gallery-item {\n\t\t\t\tfloat: left;\n\t\t\t\tmargin-top: 10px;\n\t\t\t\ttext-align: center;\n\t\t\t\twidth: 33%;\n\t\t\t}\n\t\t\t#gallery-1 img {\n\t\t\t\tborder: 2px solid #cfcfcf;\n\t\t\t}\n\t\t\t#gallery-1 .gallery-caption {\n\t\t\t\tmargin-left: 0;\n\t\t\t}\n\t\t\t\/* see gallery_shortcode() in wp-includes\/media.php *\/\n\t\t<\/style>\n\t\t<div id='gallery-1' class='gallery galleryid-19016 gallery-columns-3 gallery-size-thumbnail'><dl class='gallery-item'>\n\t\t\t<dt class='gallery-icon portrait'>\n\t\t\t\t<a href='https:\/\/www.vs-seubersdorf.de\/schulpage\/wp-content\/uploads\/2021\/11\/Vorlesetag-002.jpg'><img width=\"300\" height=\"300\" src=\"https:\/\/www.vs-seubersdorf.de\/schulpage\/wp-content\/uploads\/2021\/11\/Vorlesetag-002-300x300.jpg\" class=\"attachment-thumbnail size-thumbnail\" alt=\"\" decoding=\"async\" loading=\"lazy\" srcset=\"https:\/\/www.vs-seubersdorf.de\/schulpage\/wp-content\/uploads\/2021\/11\/Vorlesetag-002-300x300.jpg 300w, https:\/\/www.vs-seubersdorf.de\/schulpage\/wp-content\/uploads\/2021\/11\/Vorlesetag-002-80x80.jpg 80w, https:\/\/www.vs-seubersdorf.de\/schulpage\/wp-content\/uploads\/2021\/11\/Vorlesetag-002-320x320.jpg 320w\" sizes=\"(max-width: 300px) 100vw, 300px\" \/><\/a>\n\t\t\t<\/dt><\/dl><dl class='gallery-item'>\n\t\t\t<dt class='gallery-icon landscape'>\n\t\t\t\t<a href='https:\/\/www.vs-seubersdorf.de\/schulpage\/wp-content\/uploads\/2021\/11\/Vorlesetag-003.jpg'><img width=\"300\" height=\"300\" src=\"https:\/\/www.vs-seubersdorf.de\/schulpage\/wp-content\/uploads\/2021\/11\/Vorlesetag-003-300x300.jpg\" class=\"attachment-thumbnail size-thumbnail\" alt=\"\" decoding=\"async\" loading=\"lazy\" srcset=\"https:\/\/www.vs-seubersdorf.de\/schulpage\/wp-content\/uploads\/2021\/11\/Vorlesetag-003-300x300.jpg 300w, https:\/\/www.vs-seubersdorf.de\/schulpage\/wp-content\/uploads\/2021\/11\/Vorlesetag-003-80x80.jpg 80w, https:\/\/www.vs-seubersdorf.de\/schulpage\/wp-content\/uploads\/2021\/11\/Vorlesetag-003-320x320.jpg 320w\" sizes=\"(max-width: 300px) 100vw, 300px\" \/><\/a>\n\t\t\t<\/dt><\/dl><dl class='gallery-item'>\n\t\t\t<dt class='gallery-icon landscape'>\n\t\t\t\t<a href='https:\/\/www.vs-seubersdorf.de\/schulpage\/wp-content\/uploads\/2021\/11\/Vorlesetag-004.jpg'><img width=\"300\" height=\"300\" src=\"https:\/\/www.vs-seubersdorf.de\/schulpage\/wp-content\/uploads\/2021\/11\/Vorlesetag-004-300x300.jpg\" class=\"attachment-thumbnail size-thumbnail\" alt=\"\" decoding=\"async\" loading=\"lazy\" srcset=\"https:\/\/www.vs-seubersdorf.de\/schulpage\/wp-content\/uploads\/2021\/11\/Vorlesetag-004-300x300.jpg 300w, https:\/\/www.vs-seubersdorf.de\/schulpage\/wp-content\/uploads\/2021\/11\/Vorlesetag-004-80x80.jpg 80w, https:\/\/www.vs-seubersdorf.de\/schulpage\/wp-content\/uploads\/2021\/11\/Vorlesetag-004-320x320.jpg 320w\" sizes=\"(max-width: 300px) 100vw, 300px\" \/><\/a>\n\t\t\t<\/dt><\/dl><br style=\"clear: both\" \/><dl class='gallery-item'>\n\t\t\t<dt class='gallery-icon landscape'>\n\t\t\t\t<a href='https:\/\/www.vs-seubersdorf.de\/schulpage\/wp-content\/uploads\/2021\/11\/Vorlesetag-005.jpg'><img width=\"300\" height=\"300\" src=\"https:\/\/www.vs-seubersdorf.de\/schulpage\/wp-content\/uploads\/2021\/11\/Vorlesetag-005-300x300.jpg\" class=\"attachment-thumbnail size-thumbnail\" alt=\"\" decoding=\"async\" loading=\"lazy\" srcset=\"https:\/\/www.vs-seubersdorf.de\/schulpage\/wp-content\/uploads\/2021\/11\/Vorlesetag-005-300x300.jpg 300w, https:\/\/www.vs-seubersdorf.de\/schulpage\/wp-content\/uploads\/2021\/11\/Vorlesetag-005-80x80.jpg 80w, https:\/\/www.vs-seubersdorf.de\/schulpage\/wp-content\/uploads\/2021\/11\/Vorlesetag-005-320x320.jpg 320w\" sizes=\"(max-width: 300px) 100vw, 300px\" \/><\/a>\n\t\t\t<\/dt><\/dl><dl class='gallery-item'>\n\t\t\t<dt class='gallery-icon landscape'>\n\t\t\t\t<a href='https:\/\/www.vs-seubersdorf.de\/schulpage\/wp-content\/uploads\/2021\/11\/Vorlesetag-006.jpg'><img width=\"300\" height=\"300\" src=\"https:\/\/www.vs-seubersdorf.de\/schulpage\/wp-content\/uploads\/2021\/11\/Vorlesetag-006-300x300.jpg\" class=\"attachment-thumbnail size-thumbnail\" alt=\"\" decoding=\"async\" loading=\"lazy\" srcset=\"https:\/\/www.vs-seubersdorf.de\/schulpage\/wp-content\/uploads\/2021\/11\/Vorlesetag-006-300x300.jpg 300w, https:\/\/www.vs-seubersdorf.de\/schulpage\/wp-content\/uploads\/2021\/11\/Vorlesetag-006-80x80.jpg 80w, https:\/\/www.vs-seubersdorf.de\/schulpage\/wp-content\/uploads\/2021\/11\/Vorlesetag-006-320x320.jpg 320w\" sizes=\"(max-width: 300px) 100vw, 300px\" \/><\/a>\n\t\t\t<\/dt><\/dl><dl class='gallery-item'>\n\t\t\t<dt class='gallery-icon landscape'>\n\t\t\t\t<a href='https:\/\/www.vs-seubersdorf.de\/schulpage\/wp-content\/uploads\/2021\/11\/Vorlesetag-3.jpg'><img width=\"300\" height=\"300\" src=\"https:\/\/www.vs-seubersdorf.de\/schulpage\/wp-content\/uploads\/2021\/11\/Vorlesetag-3-300x300.jpg\" class=\"attachment-thumbnail size-thumbnail\" alt=\"\" decoding=\"async\" loading=\"lazy\" srcset=\"https:\/\/www.vs-seubersdorf.de\/schulpage\/wp-content\/uploads\/2021\/11\/Vorlesetag-3-300x300.jpg 300w, https:\/\/www.vs-seubersdorf.de\/schulpage\/wp-content\/uploads\/2021\/11\/Vorlesetag-3-80x80.jpg 80w, https:\/\/www.vs-seubersdorf.de\/schulpage\/wp-content\/uploads\/2021\/11\/Vorlesetag-3-320x320.jpg 320w\" sizes=\"(max-width: 300px) 100vw, 300px\" \/><\/a>\n\t\t\t<\/dt><\/dl><br style=\"clear: both\" \/>\n\t\t<\/div>\n\n<p>Wer sich \u00fcber Lesen und Vorlesen n\u00e4her informieren oder sich inspirieren lassen will, kann das auf den Seiten der Initiative \u201eVorlesetag\u201c, au\u00dferdem unter #lesen.bayern und \u201eeinfach vorlesen!\u201c<\/p>\n<p><a href=\"https:\/\/www.vorlesetag.de\/uploads\/media\/Buchtipps2021_Freundschaft_und_Zusammenhalt_01.pdf\">https:\/\/www.vorlesetag.de\/uploads\/media\/Buchtipps2021_Freundschaft_und_Zusammenhalt_01.pdf<\/a><\/p>\n<p><a href=\"https:\/\/www.vorlesetag.de\/uploads\/media\/Tipps_zum_Vorlesen_03.pdf\">https:\/\/www.vorlesetag.de\/uploads\/media\/Tipps_zum_Vorlesen_03.pdf<\/a><\/p>\n<p><a href=\"https:\/\/www.lesen.bayern.de\/vorlesetag\/\">https:\/\/www.lesen.bayern.de\/vorlesetag\/<\/a><\/p>\n<p><a href=\"https:\/\/www.einfachvorlesen.de\/\">https:\/\/www.einfachvorlesen.de\/<\/a><\/p>\n","protected":false},"excerpt":{"rendered":"<p>\u201eGeschichten vom Franz\u201c, \u201eIch und meine Schwester Klara\u201c, \u201eSeepferdchen sind ausverkauft\u201c, \u201eCowboy Claus\u201c, \u201eRegenbogenfisch\u201c, \u201eDie wilden Kerle\u201c, \u201eFamilie Monster\u201c, \u201eDas&#46;&#46;&#46;<\/p>\n","protected":false},"author":2,"featured_media":19017,"comment_status":"closed","ping_status":"closed","sticky":false,"template":"","format":"image","meta":{"footnotes":""},"categories":[4,7],"tags":[242,243],"_links":{"self":[{"href":"https:\/\/www.vs-seubersdorf.de\/schulpage\/index.php?rest_route=\/wp\/v2\/posts\/19016"}],"collection":[{"href":"https:\/\/www.vs-seubersdorf.de\/schulpage\/index.php?rest_route=\/wp\/v2\/posts"}],"about":[{"href":"https:\/\/www.vs-seubersdorf.de\/schulpage\/index.php?rest_route=\/wp\/v2\/types\/post"}],"author":[{"embeddable":true,"href":"https:\/\/www.vs-seubersdorf.de\/schulpage\/index.php?rest_route=\/wp\/v2\/users\/2"}],"replies":[{"embeddable":true,"href":"https:\/\/www.vs-seubersdorf.de\/schulpage\/index.php?rest_route=%2Fwp%2Fv2%2Fcomments&post=19016"}],"version-history":[{"count":0,"href":"https:\/\/www.vs-seubersdorf.de\/schulpage\/index.php?rest_route=\/wp\/v2\/posts\/19016\/revisions"}],"wp:featuredmedia":[{"embeddable":true,"href":"https:\/\/www.vs-seubersdorf.de\/schulpage\/index.php?rest_route=\/wp\/v2\/media\/19017"}],"wp:attachment":[{"href":"https:\/\/www.vs-seubersdorf.de\/schulpage\/index.php?rest_route=%2Fwp%2Fv2%2Fmedia&parent=19016"}],"wp:term":[{"taxonomy":"category","embeddable":true,"href":"https:\/\/www.vs-seubersdorf.de\/schulpage\/index.php?rest_route=%2Fwp%2Fv2%2Fcategories&post=19016"},{"taxonomy":"post_tag","embeddable":true,"href":"https:\/\/www.vs-seubersdorf.de\/schulpage\/index.php?rest_route=%2Fwp%2Fv2%2Ftags&post=19016"}],"curies":[{"name":"wp","href":"https:\/\/api.w.org\/{rel}","templated":true}]}}