{"id":18806,"date":"2021-08-05T13:29:39","date_gmt":"2021-08-05T12:29:39","guid":{"rendered":"https:\/\/www.vs-seubersdorf.de\/schulpage\/?p=18806"},"modified":"2021-08-09T12:31:54","modified_gmt":"2021-08-09T11:31:54","slug":"blaeser-auch-in-schwierigen-zeiten-erfolgreich","status":"publish","type":"post","link":"https:\/\/www.vs-seubersdorf.de\/schulpage\/?p=18806","title":{"rendered":"Bl\u00e4ser auch in schwierigen Zeiten erfolgreich"},"content":{"rendered":"<p>Auch in den Bl\u00e4serklassen der Grundschule Seubersdorf wirbelte Corona so Einiges durcheinander. Schon bald nach Beginn des Schuljahres musste der Unterricht auf Videokonferenz umgestellt werden. Instrumentalunterricht an der Schule oder gar gemeinsames Musizieren in der Orchesterprobe waren \u00fcber etliche Monate nicht durchf\u00fchrbar. Aber auch auf Distanz zeigte sich, dass die Sch\u00fclerinnen und Sch\u00fcler eifrig bei der Sache waren und tolle Fortschritte beim Erlernen ihres Instruments machten.<\/p>\n<p>In den letzten Wochen dieses Schuljahres wurde aber erfreulicherweise immer mehr m\u00f6glich und langsam konnte fast wieder \u201enormaler\u201c Bl\u00e4serklassenunterricht stattfinden. Um f\u00fcr die Viertkl\u00e4ssler die Bl\u00e4serklasse zu einem sch\u00f6nen Abschluss zu bringen, konnten diese zum ersten Mal das Juniorabzeichen ablegen. Alle teilnehmenden Sch\u00fclerinnen und Sch\u00fcler bestanden diese Pr\u00fcfung mit (ausgezeichnetem) Erfolg. Wir sind stolz auf euch!<\/p>\n<p>Die sp\u00e4tere Verleihung der Urkunden fand im Rahmen einer Bigbandprobe an der Schule statt. Hier konnten die Viertkl\u00e4ssler schon einmal erfahren, wie die Bandprobe abl\u00e4uft, welche St\u00fccke gespielt werden und vor allem, wie imposant dieses Orchester klingt. Einige von ihnen werden im kommenden Schuljahr Teil der Bigband sein. Ein herzlicher Dank ergeht an den Musiklehrer Herrn H\u00f6fele sowie an Frau H\u00f6fner vom F\u00f6rderverein f\u00fcr die Organisation und Durchf\u00fchrung der Pr\u00fcfung und der Verleihung.<\/p>\n<p>Die Bl\u00e4serklassen sind fester Bestandteil unserer Schule und viele Sch\u00fclerinnen und Sch\u00fcler freuen sich schon in der 1. und 2. Klasse darauf, ab der 3. Klasse dabei sein zu d\u00fcrfen. Damit diese Kinder alle Instrumente kennenlernen und sich vielleicht schon einen Favoriten aussuchen k\u00f6nnen, fand auch in diesem Schuljahr die Instrumentenvorstellung f\u00fcr die zweiten Klassen statt. Im Pausenhof gaben einige Viertkl\u00e4ssler kleine Musikst\u00fccke zum Besten und Herr H\u00f6fele erkl\u00e4rte die jeweiligen Besonderheiten der Instrumente. Die Zuh\u00f6rer waren zu Recht beeindruckt \u2013 so sehr, dass einige von ihnen sich dazu entschieden, im n\u00e4chsten Schuljahr Mitglied der Bl\u00e4serklasse 3 zu werden. Wir w\u00fcnschen den k\u00fcnftigen Bl\u00e4sern viel Spa\u00df beim Erlernen ihres Instruments und freuen uns darauf, bald schon die ersten T\u00f6ne im Schulhaus zu h\u00f6ren. (hb)<\/p>\n<p style=\"text-align: center;\"><a href=\"https:\/\/www.vs-seubersdorf.de\/schulpage\/wp-content\/uploads\/2021\/08\/Juniorabzeichen-fuer-Blaeser_31.07.2021.pd\" target=\"_blank\" rel=\"noopener\"><strong>Artikel im Neumarkter Tagblatt vom 31.07.2021<\/strong><\/a><\/p>\n\n\t\t<style>\n\t\t\t#gallery-1 {\n\t\t\t\tmargin: auto;\n\t\t\t}\n\t\t\t#gallery-1 .gallery-item {\n\t\t\t\tfloat: left;\n\t\t\t\tmargin-top: 10px;\n\t\t\t\ttext-align: center;\n\t\t\t\twidth: 33%;\n\t\t\t}\n\t\t\t#gallery-1 img {\n\t\t\t\tborder: 2px solid #cfcfcf;\n\t\t\t}\n\t\t\t#gallery-1 .gallery-caption {\n\t\t\t\tmargin-left: 0;\n\t\t\t}\n\t\t\t\/* see gallery_shortcode() in wp-includes\/media.php *\/\n\t\t<\/style>\n\t\t<div id='gallery-1' class='gallery galleryid-18806 gallery-columns-3 gallery-size-thumbnail'><dl class='gallery-item'>\n\t\t\t<dt class='gallery-icon landscape'>\n\t\t\t\t<a href='https:\/\/www.vs-seubersdorf.de\/schulpage\/wp-content\/uploads\/2021\/08\/Blaeser-1.jpg'><img width=\"300\" height=\"300\" src=\"https:\/\/www.vs-seubersdorf.de\/schulpage\/wp-content\/uploads\/2021\/08\/Blaeser-1-300x300.jpg\" class=\"attachment-thumbnail size-thumbnail\" alt=\"\" decoding=\"async\" loading=\"lazy\" srcset=\"https:\/\/www.vs-seubersdorf.de\/schulpage\/wp-content\/uploads\/2021\/08\/Blaeser-1-300x300.jpg 300w, https:\/\/www.vs-seubersdorf.de\/schulpage\/wp-content\/uploads\/2021\/08\/Blaeser-1-80x80.jpg 80w, https:\/\/www.vs-seubersdorf.de\/schulpage\/wp-content\/uploads\/2021\/08\/Blaeser-1-320x320.jpg 320w\" sizes=\"(max-width: 300px) 100vw, 300px\" \/><\/a>\n\t\t\t<\/dt><\/dl><dl class='gallery-item'>\n\t\t\t<dt class='gallery-icon landscape'>\n\t\t\t\t<a href='https:\/\/www.vs-seubersdorf.de\/schulpage\/wp-content\/uploads\/2021\/08\/Blaeser-3.jpg'><img width=\"300\" height=\"300\" src=\"https:\/\/www.vs-seubersdorf.de\/schulpage\/wp-content\/uploads\/2021\/08\/Blaeser-3-300x300.jpg\" class=\"attachment-thumbnail size-thumbnail\" alt=\"\" decoding=\"async\" loading=\"lazy\" srcset=\"https:\/\/www.vs-seubersdorf.de\/schulpage\/wp-content\/uploads\/2021\/08\/Blaeser-3-300x300.jpg 300w, https:\/\/www.vs-seubersdorf.de\/schulpage\/wp-content\/uploads\/2021\/08\/Blaeser-3-80x80.jpg 80w, https:\/\/www.vs-seubersdorf.de\/schulpage\/wp-content\/uploads\/2021\/08\/Blaeser-3-320x320.jpg 320w\" sizes=\"(max-width: 300px) 100vw, 300px\" \/><\/a>\n\t\t\t<\/dt><\/dl><dl class='gallery-item'>\n\t\t\t<dt class='gallery-icon landscape'>\n\t\t\t\t<a href='https:\/\/www.vs-seubersdorf.de\/schulpage\/wp-content\/uploads\/2021\/08\/Blaeser-4.jpg'><img width=\"300\" height=\"300\" src=\"https:\/\/www.vs-seubersdorf.de\/schulpage\/wp-content\/uploads\/2021\/08\/Blaeser-4-300x300.jpg\" class=\"attachment-thumbnail size-thumbnail\" alt=\"\" decoding=\"async\" loading=\"lazy\" srcset=\"https:\/\/www.vs-seubersdorf.de\/schulpage\/wp-content\/uploads\/2021\/08\/Blaeser-4-300x300.jpg 300w, https:\/\/www.vs-seubersdorf.de\/schulpage\/wp-content\/uploads\/2021\/08\/Blaeser-4-80x80.jpg 80w, https:\/\/www.vs-seubersdorf.de\/schulpage\/wp-content\/uploads\/2021\/08\/Blaeser-4-320x320.jpg 320w\" sizes=\"(max-width: 300px) 100vw, 300px\" \/><\/a>\n\t\t\t<\/dt><\/dl><br style=\"clear: both\" \/>\n\t\t<\/div>\n\n","protected":false},"excerpt":{"rendered":"<p>Auch in den Bl\u00e4serklassen der Grundschule Seubersdorf wirbelte Corona so Einiges durcheinander. Schon bald nach Beginn des Schuljahres musste der&#46;&#46;&#46;<\/p>\n","protected":false},"author":2,"featured_media":18808,"comment_status":"closed","ping_status":"closed","sticky":false,"template":"","format":"image","meta":{"footnotes":""},"categories":[31,3],"tags":[],"_links":{"self":[{"href":"https:\/\/www.vs-seubersdorf.de\/schulpage\/index.php?rest_route=\/wp\/v2\/posts\/18806"}],"collection":[{"href":"https:\/\/www.vs-seubersdorf.de\/schulpage\/index.php?rest_route=\/wp\/v2\/posts"}],"about":[{"href":"https:\/\/www.vs-seubersdorf.de\/schulpage\/index.php?rest_route=\/wp\/v2\/types\/post"}],"author":[{"embeddable":true,"href":"https:\/\/www.vs-seubersdorf.de\/schulpage\/index.php?rest_route=\/wp\/v2\/users\/2"}],"replies":[{"embeddable":true,"href":"https:\/\/www.vs-seubersdorf.de\/schulpage\/index.php?rest_route=%2Fwp%2Fv2%2Fcomments&post=18806"}],"version-history":[{"count":0,"href":"https:\/\/www.vs-seubersdorf.de\/schulpage\/index.php?rest_route=\/wp\/v2\/posts\/18806\/revisions"}],"wp:featuredmedia":[{"embeddable":true,"href":"https:\/\/www.vs-seubersdorf.de\/schulpage\/index.php?rest_route=\/wp\/v2\/media\/18808"}],"wp:attachment":[{"href":"https:\/\/www.vs-seubersdorf.de\/schulpage\/index.php?rest_route=%2Fwp%2Fv2%2Fmedia&parent=18806"}],"wp:term":[{"taxonomy":"category","embeddable":true,"href":"https:\/\/www.vs-seubersdorf.de\/schulpage\/index.php?rest_route=%2Fwp%2Fv2%2Fcategories&post=18806"},{"taxonomy":"post_tag","embeddable":true,"href":"https:\/\/www.vs-seubersdorf.de\/schulpage\/index.php?rest_route=%2Fwp%2Fv2%2Ftags&post=18806"}],"curies":[{"name":"wp","href":"https:\/\/api.w.org\/{rel}","templated":true}]}}