{"id":18777,"date":"2021-08-05T12:18:52","date_gmt":"2021-08-05T11:18:52","guid":{"rendered":"https:\/\/www.vs-seubersdorf.de\/schulpage\/?p=18777"},"modified":"2021-08-05T14:13:29","modified_gmt":"2021-08-05T13:13:29","slug":"here-comes-the-sun-abschlussfeier-der-zehnten-klassen","status":"publish","type":"post","link":"https:\/\/www.vs-seubersdorf.de\/schulpage\/?p=18777","title":{"rendered":"\u201eHere Comes The Sun\u201c \u2013 Abschlussfeier der zehnten Klassen"},"content":{"rendered":"<p>Mit dem Beatles-Klassiker \u201eHere Comes The Sun\u201c G\u00e4ste zur Abschlussfeier der M10 a\/b von Jule Hertl und Martin H\u00f6chbauer musikalisch begr\u00fc\u00dft und tats\u00e4chlich kam in diesem Moment die Sonne heraus und h\u00fcllte die Turnhalle unserer Schule in feierliches, goldenes Licht. So konnten die Klassenlehrkr\u00e4fte Doris Lottner (M10a) und Klaus Schmidmeister (M10b) zahlreiche G\u00e4ste, darunter die B\u00fcrgermeister aus Seubersdorf, Deining, Velburg, Parsberg und Beratzhausen und der ehemalige Schulleiter Karl Satudinger, bei strahlendem Sonnenschein unter Einhaltung der Hygienema\u00dfnahmen willkommen hei\u00dfen. Erster B\u00fcrgermeister \u00a0Eduard Meier \u00fcbermittelte die Gr\u00fc\u00dfe der Gemeinde, bevor die Elternbeiratsvorsitzende Daniela Stigler den Lehrkr\u00e4ften f\u00fcr ihr Engagement und die gute Zusammenarbeit dankte und den Sch\u00fclerinnen und Sch\u00fclern f\u00fcr ihren weiteren Lebensweg alles Gute w\u00fcnschte. Schulleiter Markus Eigenstetter zeigte auf, dass die Corona-Situation zwar eine gro\u00dfe Belastung f\u00fcr die Absolventen darstelle, aber sich daraus auch Chancen f\u00fcr die Jugendlichen ergeben. So h\u00e4tten sie in der Krise viele Dinge gelernt, die ihnen auch sp\u00e4ter n\u00fctzlich sein k\u00f6nnten. Auch die Abschlusssch\u00fcler kamen zu Wort und bedankten bei ihren Lehrkr\u00e4ften f\u00fcr deren Geduld und Beharrlichkeit, vor allem aber f\u00fcr die sch\u00f6ne Zeit an der Schule mit einem kleinen Pr\u00e4sent. Vor der Verleihung der Zeugnisse gaben die beiden Klassenlehrkr\u00e4fte ihren Sch\u00fctzlingen noch einige Worte mit auf dem Weg und betonten, dass sie stolz darauf seien, einen kleinen Teil dazu beigetragen zu haben, dass aus den Jugendlichen so flexible, verantwortungsbewusste und einf\u00fchlsame junge Menschen geworden sind. Bei der Zeugnisverleihung zeigte sich, dass auch die Ergebnisse sich sehen lassen k\u00f6nnen: Alle haben den Abschluss erhalten und bei zw\u00f6lf Sch\u00fclerinnen und Sch\u00fclern, also bei 25 Prozent, steht sogar eine Eins vor dem Komma. Mit einem religi\u00f6s-besinnlichen Abschluss durch Pfarrer Peter Gr\u00e4f und Luise Glo\u00dfner wurde der offizielle Teil abgerundet, bevor die Sch\u00fclerinnen und Sch\u00fcler noch ihre bei der Tanzschule Wimmer erlernten Tanzk\u00fcnste zeigten, was einen kleinen Ausgleich f\u00fcr den ausgefallenen Abschlussball darstellen sollte.<\/p>\n<p>Umrahmt wurden die Feierlichkeiten von einigen St\u00fccken der eigens f\u00fcr diesen Anlass zusammen-gestellten Sch\u00fclerband unter der musikalischen Leitung von Lehrer Martin H\u00f6chbauer, wobei das St\u00fcck \u201eAnother Love\u201c (Tom Odell) gesungen von Alicia Savoie ein besonderes Highlight war, das so manchen Zuh\u00f6rer zu Tr\u00e4nen r\u00fchrte.<\/p>\n<p>Die Feier bildete einen w\u00fcrdigen Rahmen f\u00fcr die Verabschiedung unserer Sch\u00fclerinnen und Sch\u00fcler, die w\u00e4hrend der Corona-Pandemie auf so vieles verzichten mussten. (ksch)<\/p>\n<p style=\"text-align: center;\"><a href=\"https:\/\/www.vs-seubersdorf.de\/schulpage\/wp-content\/uploads\/2021\/08\/Entlassung-der-10.-Klassen.pdf\" target=\"_blank\" rel=\"noopener\">Artikel im Neumarkter Tagblatt vom 30.07.2021<\/a><\/p>\n\n\t\t<style>\n\t\t\t#gallery-1 {\n\t\t\t\tmargin: auto;\n\t\t\t}\n\t\t\t#gallery-1 .gallery-item {\n\t\t\t\tfloat: left;\n\t\t\t\tmargin-top: 10px;\n\t\t\t\ttext-align: center;\n\t\t\t\twidth: 33%;\n\t\t\t}\n\t\t\t#gallery-1 img {\n\t\t\t\tborder: 2px solid #cfcfcf;\n\t\t\t}\n\t\t\t#gallery-1 .gallery-caption {\n\t\t\t\tmargin-left: 0;\n\t\t\t}\n\t\t\t\/* see gallery_shortcode() in wp-includes\/media.php *\/\n\t\t<\/style>\n\t\t<div id='gallery-1' class='gallery galleryid-18777 gallery-columns-3 gallery-size-thumbnail'><dl class='gallery-item'>\n\t\t\t<dt class='gallery-icon landscape'>\n\t\t\t\t<a href='https:\/\/www.vs-seubersdorf.de\/schulpage\/wp-content\/uploads\/2021\/08\/Entlassfeier-10.Klassen-001.jpg'><img width=\"300\" height=\"300\" src=\"https:\/\/www.vs-seubersdorf.de\/schulpage\/wp-content\/uploads\/2021\/08\/Entlassfeier-10.Klassen-001-300x300.jpg\" class=\"attachment-thumbnail size-thumbnail\" alt=\"\" decoding=\"async\" loading=\"lazy\" srcset=\"https:\/\/www.vs-seubersdorf.de\/schulpage\/wp-content\/uploads\/2021\/08\/Entlassfeier-10.Klassen-001-300x300.jpg 300w, https:\/\/www.vs-seubersdorf.de\/schulpage\/wp-content\/uploads\/2021\/08\/Entlassfeier-10.Klassen-001-80x80.jpg 80w, https:\/\/www.vs-seubersdorf.de\/schulpage\/wp-content\/uploads\/2021\/08\/Entlassfeier-10.Klassen-001-320x320.jpg 320w\" sizes=\"(max-width: 300px) 100vw, 300px\" \/><\/a>\n\t\t\t<\/dt><\/dl><dl class='gallery-item'>\n\t\t\t<dt class='gallery-icon landscape'>\n\t\t\t\t<a href='https:\/\/www.vs-seubersdorf.de\/schulpage\/wp-content\/uploads\/2021\/08\/Entlassfeier-10.Klassen-002.jpg'><img width=\"300\" height=\"300\" src=\"https:\/\/www.vs-seubersdorf.de\/schulpage\/wp-content\/uploads\/2021\/08\/Entlassfeier-10.Klassen-002-300x300.jpg\" class=\"attachment-thumbnail size-thumbnail\" alt=\"\" decoding=\"async\" loading=\"lazy\" srcset=\"https:\/\/www.vs-seubersdorf.de\/schulpage\/wp-content\/uploads\/2021\/08\/Entlassfeier-10.Klassen-002-300x300.jpg 300w, https:\/\/www.vs-seubersdorf.de\/schulpage\/wp-content\/uploads\/2021\/08\/Entlassfeier-10.Klassen-002-80x80.jpg 80w, https:\/\/www.vs-seubersdorf.de\/schulpage\/wp-content\/uploads\/2021\/08\/Entlassfeier-10.Klassen-002-320x320.jpg 320w\" sizes=\"(max-width: 300px) 100vw, 300px\" \/><\/a>\n\t\t\t<\/dt><\/dl><dl class='gallery-item'>\n\t\t\t<dt class='gallery-icon landscape'>\n\t\t\t\t<a href='https:\/\/www.vs-seubersdorf.de\/schulpage\/wp-content\/uploads\/2021\/08\/Entlassfeier-10.Klassen-003.jpg'><img width=\"300\" height=\"300\" src=\"https:\/\/www.vs-seubersdorf.de\/schulpage\/wp-content\/uploads\/2021\/08\/Entlassfeier-10.Klassen-003-300x300.jpg\" class=\"attachment-thumbnail size-thumbnail\" alt=\"\" decoding=\"async\" loading=\"lazy\" srcset=\"https:\/\/www.vs-seubersdorf.de\/schulpage\/wp-content\/uploads\/2021\/08\/Entlassfeier-10.Klassen-003-300x300.jpg 300w, https:\/\/www.vs-seubersdorf.de\/schulpage\/wp-content\/uploads\/2021\/08\/Entlassfeier-10.Klassen-003-80x80.jpg 80w, https:\/\/www.vs-seubersdorf.de\/schulpage\/wp-content\/uploads\/2021\/08\/Entlassfeier-10.Klassen-003-320x320.jpg 320w\" sizes=\"(max-width: 300px) 100vw, 300px\" \/><\/a>\n\t\t\t<\/dt><\/dl><br style=\"clear: both\" \/><dl class='gallery-item'>\n\t\t\t<dt class='gallery-icon landscape'>\n\t\t\t\t<a href='https:\/\/www.vs-seubersdorf.de\/schulpage\/wp-content\/uploads\/2021\/08\/Entlassfeier-10.Klassen-004.jpg'><img width=\"300\" height=\"300\" src=\"https:\/\/www.vs-seubersdorf.de\/schulpage\/wp-content\/uploads\/2021\/08\/Entlassfeier-10.Klassen-004-300x300.jpg\" class=\"attachment-thumbnail size-thumbnail\" alt=\"\" decoding=\"async\" loading=\"lazy\" srcset=\"https:\/\/www.vs-seubersdorf.de\/schulpage\/wp-content\/uploads\/2021\/08\/Entlassfeier-10.Klassen-004-300x300.jpg 300w, https:\/\/www.vs-seubersdorf.de\/schulpage\/wp-content\/uploads\/2021\/08\/Entlassfeier-10.Klassen-004-80x80.jpg 80w, https:\/\/www.vs-seubersdorf.de\/schulpage\/wp-content\/uploads\/2021\/08\/Entlassfeier-10.Klassen-004-320x320.jpg 320w\" sizes=\"(max-width: 300px) 100vw, 300px\" \/><\/a>\n\t\t\t<\/dt><\/dl><dl class='gallery-item'>\n\t\t\t<dt class='gallery-icon landscape'>\n\t\t\t\t<a href='https:\/\/www.vs-seubersdorf.de\/schulpage\/wp-content\/uploads\/2021\/08\/Entlassfeier-10.Klassen-005.jpg'><img width=\"300\" height=\"300\" src=\"https:\/\/www.vs-seubersdorf.de\/schulpage\/wp-content\/uploads\/2021\/08\/Entlassfeier-10.Klassen-005-300x300.jpg\" class=\"attachment-thumbnail size-thumbnail\" alt=\"\" decoding=\"async\" loading=\"lazy\" srcset=\"https:\/\/www.vs-seubersdorf.de\/schulpage\/wp-content\/uploads\/2021\/08\/Entlassfeier-10.Klassen-005-300x300.jpg 300w, https:\/\/www.vs-seubersdorf.de\/schulpage\/wp-content\/uploads\/2021\/08\/Entlassfeier-10.Klassen-005-80x80.jpg 80w, https:\/\/www.vs-seubersdorf.de\/schulpage\/wp-content\/uploads\/2021\/08\/Entlassfeier-10.Klassen-005-320x320.jpg 320w\" sizes=\"(max-width: 300px) 100vw, 300px\" \/><\/a>\n\t\t\t<\/dt><\/dl><dl class='gallery-item'>\n\t\t\t<dt class='gallery-icon landscape'>\n\t\t\t\t<a href='https:\/\/www.vs-seubersdorf.de\/schulpage\/wp-content\/uploads\/2021\/08\/Entlassfeier-10.Klassen-006.jpg'><img width=\"300\" height=\"300\" src=\"https:\/\/www.vs-seubersdorf.de\/schulpage\/wp-content\/uploads\/2021\/08\/Entlassfeier-10.Klassen-006-300x300.jpg\" class=\"attachment-thumbnail size-thumbnail\" alt=\"\" decoding=\"async\" loading=\"lazy\" srcset=\"https:\/\/www.vs-seubersdorf.de\/schulpage\/wp-content\/uploads\/2021\/08\/Entlassfeier-10.Klassen-006-300x300.jpg 300w, https:\/\/www.vs-seubersdorf.de\/schulpage\/wp-content\/uploads\/2021\/08\/Entlassfeier-10.Klassen-006-80x80.jpg 80w, https:\/\/www.vs-seubersdorf.de\/schulpage\/wp-content\/uploads\/2021\/08\/Entlassfeier-10.Klassen-006-320x320.jpg 320w\" sizes=\"(max-width: 300px) 100vw, 300px\" \/><\/a>\n\t\t\t<\/dt><\/dl><br style=\"clear: both\" \/><dl class='gallery-item'>\n\t\t\t<dt class='gallery-icon landscape'>\n\t\t\t\t<a href='https:\/\/www.vs-seubersdorf.de\/schulpage\/wp-content\/uploads\/2021\/08\/Entlassfeier-10.Klassen-007.jpg'><img width=\"300\" height=\"300\" src=\"https:\/\/www.vs-seubersdorf.de\/schulpage\/wp-content\/uploads\/2021\/08\/Entlassfeier-10.Klassen-007-300x300.jpg\" class=\"attachment-thumbnail size-thumbnail\" alt=\"\" decoding=\"async\" loading=\"lazy\" srcset=\"https:\/\/www.vs-seubersdorf.de\/schulpage\/wp-content\/uploads\/2021\/08\/Entlassfeier-10.Klassen-007-300x300.jpg 300w, https:\/\/www.vs-seubersdorf.de\/schulpage\/wp-content\/uploads\/2021\/08\/Entlassfeier-10.Klassen-007-80x80.jpg 80w, https:\/\/www.vs-seubersdorf.de\/schulpage\/wp-content\/uploads\/2021\/08\/Entlassfeier-10.Klassen-007-320x320.jpg 320w\" sizes=\"(max-width: 300px) 100vw, 300px\" \/><\/a>\n\t\t\t<\/dt><\/dl><dl class='gallery-item'>\n\t\t\t<dt class='gallery-icon landscape'>\n\t\t\t\t<a href='https:\/\/www.vs-seubersdorf.de\/schulpage\/wp-content\/uploads\/2021\/08\/Entlassfeier-10.Klassen-008.jpg'><img width=\"300\" height=\"300\" src=\"https:\/\/www.vs-seubersdorf.de\/schulpage\/wp-content\/uploads\/2021\/08\/Entlassfeier-10.Klassen-008-300x300.jpg\" class=\"attachment-thumbnail size-thumbnail\" alt=\"\" decoding=\"async\" loading=\"lazy\" srcset=\"https:\/\/www.vs-seubersdorf.de\/schulpage\/wp-content\/uploads\/2021\/08\/Entlassfeier-10.Klassen-008-300x300.jpg 300w, https:\/\/www.vs-seubersdorf.de\/schulpage\/wp-content\/uploads\/2021\/08\/Entlassfeier-10.Klassen-008-80x80.jpg 80w, https:\/\/www.vs-seubersdorf.de\/schulpage\/wp-content\/uploads\/2021\/08\/Entlassfeier-10.Klassen-008-320x320.jpg 320w\" sizes=\"(max-width: 300px) 100vw, 300px\" \/><\/a>\n\t\t\t<\/dt><\/dl><dl class='gallery-item'>\n\t\t\t<dt class='gallery-icon landscape'>\n\t\t\t\t<a href='https:\/\/www.vs-seubersdorf.de\/schulpage\/wp-content\/uploads\/2021\/08\/Entlassfeier-10.Klassen-009.jpg'><img width=\"300\" height=\"300\" src=\"https:\/\/www.vs-seubersdorf.de\/schulpage\/wp-content\/uploads\/2021\/08\/Entlassfeier-10.Klassen-009-300x300.jpg\" class=\"attachment-thumbnail size-thumbnail\" alt=\"\" decoding=\"async\" loading=\"lazy\" srcset=\"https:\/\/www.vs-seubersdorf.de\/schulpage\/wp-content\/uploads\/2021\/08\/Entlassfeier-10.Klassen-009-300x300.jpg 300w, https:\/\/www.vs-seubersdorf.de\/schulpage\/wp-content\/uploads\/2021\/08\/Entlassfeier-10.Klassen-009-80x80.jpg 80w, https:\/\/www.vs-seubersdorf.de\/schulpage\/wp-content\/uploads\/2021\/08\/Entlassfeier-10.Klassen-009-320x320.jpg 320w\" sizes=\"(max-width: 300px) 100vw, 300px\" \/><\/a>\n\t\t\t<\/dt><\/dl><br style=\"clear: both\" \/>\n\t\t<\/div>\n\n<p>&nbsp;<\/p>\n","protected":false},"excerpt":{"rendered":"<p>Mit dem Beatles-Klassiker \u201eHere Comes The Sun\u201c G\u00e4ste zur Abschlussfeier der M10 a\/b von Jule Hertl und Martin H\u00f6chbauer musikalisch&#46;&#46;&#46;<\/p>\n","protected":false},"author":2,"featured_media":18787,"comment_status":"closed","ping_status":"closed","sticky":false,"template":"","format":"image","meta":{"footnotes":""},"categories":[3],"tags":[222,223],"_links":{"self":[{"href":"https:\/\/www.vs-seubersdorf.de\/schulpage\/index.php?rest_route=\/wp\/v2\/posts\/18777"}],"collection":[{"href":"https:\/\/www.vs-seubersdorf.de\/schulpage\/index.php?rest_route=\/wp\/v2\/posts"}],"about":[{"href":"https:\/\/www.vs-seubersdorf.de\/schulpage\/index.php?rest_route=\/wp\/v2\/types\/post"}],"author":[{"embeddable":true,"href":"https:\/\/www.vs-seubersdorf.de\/schulpage\/index.php?rest_route=\/wp\/v2\/users\/2"}],"replies":[{"embeddable":true,"href":"https:\/\/www.vs-seubersdorf.de\/schulpage\/index.php?rest_route=%2Fwp%2Fv2%2Fcomments&post=18777"}],"version-history":[{"count":0,"href":"https:\/\/www.vs-seubersdorf.de\/schulpage\/index.php?rest_route=\/wp\/v2\/posts\/18777\/revisions"}],"wp:featuredmedia":[{"embeddable":true,"href":"https:\/\/www.vs-seubersdorf.de\/schulpage\/index.php?rest_route=\/wp\/v2\/media\/18787"}],"wp:attachment":[{"href":"https:\/\/www.vs-seubersdorf.de\/schulpage\/index.php?rest_route=%2Fwp%2Fv2%2Fmedia&parent=18777"}],"wp:term":[{"taxonomy":"category","embeddable":true,"href":"https:\/\/www.vs-seubersdorf.de\/schulpage\/index.php?rest_route=%2Fwp%2Fv2%2Fcategories&post=18777"},{"taxonomy":"post_tag","embeddable":true,"href":"https:\/\/www.vs-seubersdorf.de\/schulpage\/index.php?rest_route=%2Fwp%2Fv2%2Ftags&post=18777"}],"curies":[{"name":"wp","href":"https:\/\/api.w.org\/{rel}","templated":true}]}}