{"id":17716,"date":"2020-02-22T16:44:05","date_gmt":"2020-02-22T15:44:05","guid":{"rendered":"https:\/\/www.vs-seubersdorf.de\/schulpage\/?p=17716"},"modified":"2020-02-22T16:57:58","modified_gmt":"2020-02-22T15:57:58","slug":"gelungener-fasching-in-seubersdorf","status":"publish","type":"post","link":"https:\/\/www.vs-seubersdorf.de\/schulpage\/?p=17716","title":{"rendered":"Gelungener SMV-Fasching"},"content":{"rendered":"<p>Ob Mainz, D\u00fcsseldorf oder Seubersdorf, die \u201ef\u00fcnfte Jahreszeit\u201c hat es in sich. An der Seubersdorfer Schule durfte am Unsinnigen Donnerstag wieder richtig \u201ewild\u201c gefeiert werden. Nach der Pause begann der Fasching mit einer Polonaise angef\u00fchrt von der SMV. Die Sch\u00fclerinnen und Sch\u00fcler schl\u00fcpften in die unterschiedlichsten Rollen: Indianer, Pirat, Teufel, Clown, Praline, Undercover-Agent oder Rehlein, jeder kam auf seine Kosten. Auch die Lehrer waren fantasievoll verkleidet. Alle schienen riesigen Spa\u00df zu haben. Die Grundsch\u00fcler durften in der Turnhalle die Gardem\u00e4dchen aus Schnufenhofen bestaunen, f\u00fcr die Mittelsch\u00fcler \u201esteppte der B\u00e4r\u201c in der Aula. Neben diversen Spielen vergn\u00fcgten sich die \u201eNarren\u201c auf der Tanzfl\u00e4che. Die Neuntkl\u00e4ssler, die gerade einen Tanzkurs absolvieren, brachten den andern Klassen die Grundschritte von Disco Fox und Cha Cha Cha bei. Damit war die Tanzfl\u00e4che immer gut gef\u00fcllt. Bei der beliebten Maskenpr\u00e4mierung, mussten sich viele Kost\u00fcme gegen eine starke Konkurrenz durchsetzen. Professionell und gelungen f\u00fchrte Alicia Savoie, M9a, als Moderatorin durch das Programm. Jede Klasse hatte ein Spiel organisiert und dabei zum Gelingen des Seubersdorfer SMV-Faschings beigetragen. Unterst\u00fctzt wurde die SMV wie jedes Jahr von den Verbindungslehrerinnen Ingrid R\u00f6sner und Doris Lottner. Herzlichen Dank an alle Mitwirkenden. (dl)<\/p>\n<p>Die folgenden Bilder sagen eigentlich alles aus.<\/p>\n\n\t\t<style>\n\t\t\t#gallery-1 {\n\t\t\t\tmargin: auto;\n\t\t\t}\n\t\t\t#gallery-1 .gallery-item {\n\t\t\t\tfloat: left;\n\t\t\t\tmargin-top: 10px;\n\t\t\t\ttext-align: center;\n\t\t\t\twidth: 33%;\n\t\t\t}\n\t\t\t#gallery-1 img {\n\t\t\t\tborder: 2px solid #cfcfcf;\n\t\t\t}\n\t\t\t#gallery-1 .gallery-caption {\n\t\t\t\tmargin-left: 0;\n\t\t\t}\n\t\t\t\/* see gallery_shortcode() in wp-includes\/media.php *\/\n\t\t<\/style>\n\t\t<div id='gallery-1' class='gallery galleryid-17716 gallery-columns-3 gallery-size-thumbnail'><dl class='gallery-item'>\n\t\t\t<dt class='gallery-icon landscape'>\n\t\t\t\t<a href='https:\/\/www.vs-seubersdorf.de\/schulpage\/wp-content\/uploads\/2020\/02\/Fasching-1.jpg'><img width=\"300\" height=\"300\" src=\"https:\/\/www.vs-seubersdorf.de\/schulpage\/wp-content\/uploads\/2020\/02\/Fasching-1-300x300.jpg\" class=\"attachment-thumbnail size-thumbnail\" alt=\"\" decoding=\"async\" loading=\"lazy\" srcset=\"https:\/\/www.vs-seubersdorf.de\/schulpage\/wp-content\/uploads\/2020\/02\/Fasching-1-300x300.jpg 300w, https:\/\/www.vs-seubersdorf.de\/schulpage\/wp-content\/uploads\/2020\/02\/Fasching-1-160x160.jpg 160w, https:\/\/www.vs-seubersdorf.de\/schulpage\/wp-content\/uploads\/2020\/02\/Fasching-1-320x320.jpg 320w\" sizes=\"(max-width: 300px) 100vw, 300px\" \/><\/a>\n\t\t\t<\/dt><\/dl><dl class='gallery-item'>\n\t\t\t<dt class='gallery-icon portrait'>\n\t\t\t\t<a href='https:\/\/www.vs-seubersdorf.de\/schulpage\/wp-content\/uploads\/2020\/02\/Fasching-2.jpg'><img width=\"300\" height=\"300\" src=\"https:\/\/www.vs-seubersdorf.de\/schulpage\/wp-content\/uploads\/2020\/02\/Fasching-2-300x300.jpg\" class=\"attachment-thumbnail size-thumbnail\" alt=\"\" decoding=\"async\" loading=\"lazy\" srcset=\"https:\/\/www.vs-seubersdorf.de\/schulpage\/wp-content\/uploads\/2020\/02\/Fasching-2-300x300.jpg 300w, https:\/\/www.vs-seubersdorf.de\/schulpage\/wp-content\/uploads\/2020\/02\/Fasching-2-160x160.jpg 160w, https:\/\/www.vs-seubersdorf.de\/schulpage\/wp-content\/uploads\/2020\/02\/Fasching-2-320x320.jpg 320w\" sizes=\"(max-width: 300px) 100vw, 300px\" \/><\/a>\n\t\t\t<\/dt><\/dl><dl class='gallery-item'>\n\t\t\t<dt class='gallery-icon portrait'>\n\t\t\t\t<a href='https:\/\/www.vs-seubersdorf.de\/schulpage\/wp-content\/uploads\/2020\/02\/Fasching-4.jpg'><img width=\"300\" height=\"300\" src=\"https:\/\/www.vs-seubersdorf.de\/schulpage\/wp-content\/uploads\/2020\/02\/Fasching-4-300x300.jpg\" class=\"attachment-thumbnail size-thumbnail\" alt=\"\" decoding=\"async\" loading=\"lazy\" srcset=\"https:\/\/www.vs-seubersdorf.de\/schulpage\/wp-content\/uploads\/2020\/02\/Fasching-4-300x300.jpg 300w, https:\/\/www.vs-seubersdorf.de\/schulpage\/wp-content\/uploads\/2020\/02\/Fasching-4-160x160.jpg 160w, https:\/\/www.vs-seubersdorf.de\/schulpage\/wp-content\/uploads\/2020\/02\/Fasching-4-320x320.jpg 320w\" sizes=\"(max-width: 300px) 100vw, 300px\" \/><\/a>\n\t\t\t<\/dt><\/dl><br style=\"clear: both\" \/><dl class='gallery-item'>\n\t\t\t<dt class='gallery-icon landscape'>\n\t\t\t\t<a href='https:\/\/www.vs-seubersdorf.de\/schulpage\/wp-content\/uploads\/2020\/02\/Fasching-3-1.jpg'><img width=\"300\" height=\"300\" src=\"https:\/\/www.vs-seubersdorf.de\/schulpage\/wp-content\/uploads\/2020\/02\/Fasching-3-1-300x300.jpg\" class=\"attachment-thumbnail size-thumbnail\" alt=\"\" decoding=\"async\" loading=\"lazy\" srcset=\"https:\/\/www.vs-seubersdorf.de\/schulpage\/wp-content\/uploads\/2020\/02\/Fasching-3-1-300x300.jpg 300w, https:\/\/www.vs-seubersdorf.de\/schulpage\/wp-content\/uploads\/2020\/02\/Fasching-3-1-160x160.jpg 160w, https:\/\/www.vs-seubersdorf.de\/schulpage\/wp-content\/uploads\/2020\/02\/Fasching-3-1-320x320.jpg 320w\" sizes=\"(max-width: 300px) 100vw, 300px\" \/><\/a>\n\t\t\t<\/dt><\/dl><dl class='gallery-item'>\n\t\t\t<dt class='gallery-icon landscape'>\n\t\t\t\t<a href='https:\/\/www.vs-seubersdorf.de\/schulpage\/wp-content\/uploads\/2020\/02\/Fasching-9.jpg'><img width=\"300\" height=\"300\" src=\"https:\/\/www.vs-seubersdorf.de\/schulpage\/wp-content\/uploads\/2020\/02\/Fasching-9-300x300.jpg\" class=\"attachment-thumbnail size-thumbnail\" alt=\"\" decoding=\"async\" loading=\"lazy\" srcset=\"https:\/\/www.vs-seubersdorf.de\/schulpage\/wp-content\/uploads\/2020\/02\/Fasching-9-300x300.jpg 300w, https:\/\/www.vs-seubersdorf.de\/schulpage\/wp-content\/uploads\/2020\/02\/Fasching-9-160x160.jpg 160w, https:\/\/www.vs-seubersdorf.de\/schulpage\/wp-content\/uploads\/2020\/02\/Fasching-9-320x320.jpg 320w\" sizes=\"(max-width: 300px) 100vw, 300px\" \/><\/a>\n\t\t\t<\/dt><\/dl><dl class='gallery-item'>\n\t\t\t<dt class='gallery-icon landscape'>\n\t\t\t\t<a href='https:\/\/www.vs-seubersdorf.de\/schulpage\/wp-content\/uploads\/2020\/02\/Fasching-5.jpg'><img width=\"300\" height=\"300\" src=\"https:\/\/www.vs-seubersdorf.de\/schulpage\/wp-content\/uploads\/2020\/02\/Fasching-5-300x300.jpg\" class=\"attachment-thumbnail size-thumbnail\" alt=\"\" decoding=\"async\" loading=\"lazy\" srcset=\"https:\/\/www.vs-seubersdorf.de\/schulpage\/wp-content\/uploads\/2020\/02\/Fasching-5-300x300.jpg 300w, https:\/\/www.vs-seubersdorf.de\/schulpage\/wp-content\/uploads\/2020\/02\/Fasching-5-160x160.jpg 160w, https:\/\/www.vs-seubersdorf.de\/schulpage\/wp-content\/uploads\/2020\/02\/Fasching-5-320x320.jpg 320w\" sizes=\"(max-width: 300px) 100vw, 300px\" \/><\/a>\n\t\t\t<\/dt><\/dl><br style=\"clear: both\" \/><dl class='gallery-item'>\n\t\t\t<dt class='gallery-icon portrait'>\n\t\t\t\t<a href='https:\/\/www.vs-seubersdorf.de\/schulpage\/wp-content\/uploads\/2020\/02\/Fasching-6.jpg'><img width=\"300\" height=\"300\" src=\"https:\/\/www.vs-seubersdorf.de\/schulpage\/wp-content\/uploads\/2020\/02\/Fasching-6-300x300.jpg\" class=\"attachment-thumbnail size-thumbnail\" alt=\"\" decoding=\"async\" loading=\"lazy\" srcset=\"https:\/\/www.vs-seubersdorf.de\/schulpage\/wp-content\/uploads\/2020\/02\/Fasching-6-300x300.jpg 300w, https:\/\/www.vs-seubersdorf.de\/schulpage\/wp-content\/uploads\/2020\/02\/Fasching-6-160x160.jpg 160w, https:\/\/www.vs-seubersdorf.de\/schulpage\/wp-content\/uploads\/2020\/02\/Fasching-6-320x320.jpg 320w\" sizes=\"(max-width: 300px) 100vw, 300px\" \/><\/a>\n\t\t\t<\/dt><\/dl><dl class='gallery-item'>\n\t\t\t<dt class='gallery-icon landscape'>\n\t\t\t\t<a href='https:\/\/www.vs-seubersdorf.de\/schulpage\/wp-content\/uploads\/2020\/02\/Fasching-7.jpg'><img width=\"300\" height=\"300\" src=\"https:\/\/www.vs-seubersdorf.de\/schulpage\/wp-content\/uploads\/2020\/02\/Fasching-7-300x300.jpg\" class=\"attachment-thumbnail size-thumbnail\" alt=\"\" decoding=\"async\" loading=\"lazy\" srcset=\"https:\/\/www.vs-seubersdorf.de\/schulpage\/wp-content\/uploads\/2020\/02\/Fasching-7-300x300.jpg 300w, https:\/\/www.vs-seubersdorf.de\/schulpage\/wp-content\/uploads\/2020\/02\/Fasching-7-160x160.jpg 160w, https:\/\/www.vs-seubersdorf.de\/schulpage\/wp-content\/uploads\/2020\/02\/Fasching-7-320x320.jpg 320w\" sizes=\"(max-width: 300px) 100vw, 300px\" \/><\/a>\n\t\t\t<\/dt><\/dl><dl class='gallery-item'>\n\t\t\t<dt class='gallery-icon landscape'>\n\t\t\t\t<a href='https:\/\/www.vs-seubersdorf.de\/schulpage\/wp-content\/uploads\/2020\/02\/Fasching-8.jpg'><img width=\"300\" height=\"300\" src=\"https:\/\/www.vs-seubersdorf.de\/schulpage\/wp-content\/uploads\/2020\/02\/Fasching-8-300x300.jpg\" class=\"attachment-thumbnail size-thumbnail\" alt=\"\" decoding=\"async\" loading=\"lazy\" srcset=\"https:\/\/www.vs-seubersdorf.de\/schulpage\/wp-content\/uploads\/2020\/02\/Fasching-8-300x300.jpg 300w, https:\/\/www.vs-seubersdorf.de\/schulpage\/wp-content\/uploads\/2020\/02\/Fasching-8-160x160.jpg 160w, https:\/\/www.vs-seubersdorf.de\/schulpage\/wp-content\/uploads\/2020\/02\/Fasching-8-320x320.jpg 320w\" sizes=\"(max-width: 300px) 100vw, 300px\" \/><\/a>\n\t\t\t<\/dt><\/dl><br style=\"clear: both\" \/>\n\t\t<\/div>\n\n","protected":false},"excerpt":{"rendered":"<p>Ob Mainz, D\u00fcsseldorf oder Seubersdorf, die \u201ef\u00fcnfte Jahreszeit\u201c hat es in sich. An der Seubersdorfer Schule durfte am Unsinnigen Donnerstag&#46;&#46;&#46;<\/p>\n","protected":false},"author":2,"featured_media":17726,"comment_status":"closed","ping_status":"closed","sticky":false,"template":"","format":"image","meta":{"footnotes":""},"categories":[3,9],"tags":[],"_links":{"self":[{"href":"https:\/\/www.vs-seubersdorf.de\/schulpage\/index.php?rest_route=\/wp\/v2\/posts\/17716"}],"collection":[{"href":"https:\/\/www.vs-seubersdorf.de\/schulpage\/index.php?rest_route=\/wp\/v2\/posts"}],"about":[{"href":"https:\/\/www.vs-seubersdorf.de\/schulpage\/index.php?rest_route=\/wp\/v2\/types\/post"}],"author":[{"embeddable":true,"href":"https:\/\/www.vs-seubersdorf.de\/schulpage\/index.php?rest_route=\/wp\/v2\/users\/2"}],"replies":[{"embeddable":true,"href":"https:\/\/www.vs-seubersdorf.de\/schulpage\/index.php?rest_route=%2Fwp%2Fv2%2Fcomments&post=17716"}],"version-history":[{"count":0,"href":"https:\/\/www.vs-seubersdorf.de\/schulpage\/index.php?rest_route=\/wp\/v2\/posts\/17716\/revisions"}],"wp:featuredmedia":[{"embeddable":true,"href":"https:\/\/www.vs-seubersdorf.de\/schulpage\/index.php?rest_route=\/wp\/v2\/media\/17726"}],"wp:attachment":[{"href":"https:\/\/www.vs-seubersdorf.de\/schulpage\/index.php?rest_route=%2Fwp%2Fv2%2Fmedia&parent=17716"}],"wp:term":[{"taxonomy":"category","embeddable":true,"href":"https:\/\/www.vs-seubersdorf.de\/schulpage\/index.php?rest_route=%2Fwp%2Fv2%2Fcategories&post=17716"},{"taxonomy":"post_tag","embeddable":true,"href":"https:\/\/www.vs-seubersdorf.de\/schulpage\/index.php?rest_route=%2Fwp%2Fv2%2Ftags&post=17716"}],"curies":[{"name":"wp","href":"https:\/\/api.w.org\/{rel}","templated":true}]}}