{"id":17558,"date":"2019-12-19T18:46:38","date_gmt":"2019-12-19T17:46:38","guid":{"rendered":"https:\/\/www.vs-seubersdorf.de\/schulpage\/?p=17558"},"modified":"2019-12-19T18:46:38","modified_gmt":"2019-12-19T17:46:38","slug":"eine-reise-um-die-welt-im-advent","status":"publish","type":"post","link":"https:\/\/www.vs-seubersdorf.de\/schulpage\/?p=17558","title":{"rendered":"Eine Reise um die Welt im Advent"},"content":{"rendered":"<p>Jedes Jahr bekommen viele Kinder Adventskalender, so auch im Offenen Ganztag. Jeden Tag gab es eine Geschichte, die im Schein der Adventskerzen vorgelesen wurde. Dieses Jahr begaben sich die Sch\u00fclerinnen und Sch\u00fcler auf eine kleine Weltreise. Sie entdeckten neue L\u00e4nder, deren Kultur und vor allem deren besondere Weihnachtsbr\u00e4uche. In Italien gibt es die Hexe Befana, die Geschenke bringt und in Russland V\u00e4terchen Frost, der mit seiner Enkelin dem Schneefl\u00f6ckchen um die H\u00e4user zieht. Auf der Reise durch 24 L\u00e4nder, legte der Offene Ganztag eine Strecke von 171 694km zur\u00fcck. Nach der Geschichte wurde das entsprechende Land noch auf einer Weltkarte gesucht und eingezeichnet, sodass die Reiseroute immer verfolgt werden konnte. Die besonders Interessierten schm\u00f6kerten danach noch ein bisschen im Atlas und erforschten die L\u00e4nder etwas genauer. (ah)<\/p>\n","protected":false},"excerpt":{"rendered":"<p>Jedes Jahr bekommen viele Kinder Adventskalender, so auch im Offenen Ganztag. Jeden Tag gab es eine Geschichte, die im Schein&#46;&#46;&#46;<\/p>\n","protected":false},"author":2,"featured_media":17559,"comment_status":"closed","ping_status":"closed","sticky":false,"template":"","format":"image","meta":{"footnotes":""},"categories":[210],"tags":[],"_links":{"self":[{"href":"https:\/\/www.vs-seubersdorf.de\/schulpage\/index.php?rest_route=\/wp\/v2\/posts\/17558"}],"collection":[{"href":"https:\/\/www.vs-seubersdorf.de\/schulpage\/index.php?rest_route=\/wp\/v2\/posts"}],"about":[{"href":"https:\/\/www.vs-seubersdorf.de\/schulpage\/index.php?rest_route=\/wp\/v2\/types\/post"}],"author":[{"embeddable":true,"href":"https:\/\/www.vs-seubersdorf.de\/schulpage\/index.php?rest_route=\/wp\/v2\/users\/2"}],"replies":[{"embeddable":true,"href":"https:\/\/www.vs-seubersdorf.de\/schulpage\/index.php?rest_route=%2Fwp%2Fv2%2Fcomments&post=17558"}],"version-history":[{"count":0,"href":"https:\/\/www.vs-seubersdorf.de\/schulpage\/index.php?rest_route=\/wp\/v2\/posts\/17558\/revisions"}],"wp:featuredmedia":[{"embeddable":true,"href":"https:\/\/www.vs-seubersdorf.de\/schulpage\/index.php?rest_route=\/wp\/v2\/media\/17559"}],"wp:attachment":[{"href":"https:\/\/www.vs-seubersdorf.de\/schulpage\/index.php?rest_route=%2Fwp%2Fv2%2Fmedia&parent=17558"}],"wp:term":[{"taxonomy":"category","embeddable":true,"href":"https:\/\/www.vs-seubersdorf.de\/schulpage\/index.php?rest_route=%2Fwp%2Fv2%2Fcategories&post=17558"},{"taxonomy":"post_tag","embeddable":true,"href":"https:\/\/www.vs-seubersdorf.de\/schulpage\/index.php?rest_route=%2Fwp%2Fv2%2Ftags&post=17558"}],"curies":[{"name":"wp","href":"https:\/\/api.w.org\/{rel}","templated":true}]}}