{"id":17411,"date":"2019-10-26T21:09:49","date_gmt":"2019-10-26T20:09:49","guid":{"rendered":"https:\/\/www.vs-seubersdorf.de\/schulpage\/?p=17411"},"modified":"2019-11-11T21:23:38","modified_gmt":"2019-11-11T20:23:38","slug":"projektwoche-der-gesundheit-und-nachhaltigkeit","status":"publish","type":"post","link":"https:\/\/www.vs-seubersdorf.de\/schulpage\/?p=17411","title":{"rendered":"Projektwoche der  &#8222;Gesundheit und Nachhaltigkeit&#8220;"},"content":{"rendered":"<p>\u201eWelche Auswirkungen hat mein Lebensstil auf nachfolgende Generationen bzw. auf das Leben in anderen Erdteilen? Wie ern\u00e4hre ich mich richtig und wieso ist Bewegung gut f\u00fcr den K\u00f6rper?\u201c Mit Fragen wie diesen besch\u00e4ftigten sich die Sch\u00fclerinnen und Sch\u00fcler im Rahmen der \u201eWoche der Gesundheit und Nachhaltigkeit\u201c, die bayernweit an vielen Schulen vom 14. -18. Oktober stattfand. Alle Klassen der Grund- und Mittelschule Seubersdorf f\u00fchrten in dieser Woche ein Projekt zum Thema &#8222;#klima&#8220; durch.<strong><br \/>\n<\/strong><\/p>\n<p><strong>Klasse 1a: Der Regentropfenk\u00f6nig Aquarius\u00a0\u00a0<\/strong><\/p>\n<p>Die Klasse 1a besch\u00e4ftigte sich in der Woche der Nachhaltigkeit mit dem Thema \u201eSorgsamer Umgang mit Wasser\u201c. Dazu las Frau Apfelbacher den Kindern die Bilderbuchgeschichte \u201eAquarius, der Regentropfenk\u00f6nig\u201c vor. Diese handelt davon, dass die Untertanen von Aquarius eines Tages total verdreckt von der Erde ins Wolkenreich zur\u00fcckkehren. Aquarius begibt sich selbst auf die Erde und findet heraus, dass viele Menschen gedankenlos das Wasser verschmutzen. Dank seiner Zauberkraft und mit Hilfe einer jungen Frau gelingt es Aquarius die Menschen zum Umdenken zu bewegen. Im anschlie\u00dfenden Gespr\u00e4ch schilderten die Sch\u00fclerinnen und Sch\u00fcler eigene Erfahrungen und hatten viele gute Ideen, wie wir Menschen sorgsam und sparsam mit Wasser umgehen k\u00f6nnen. (ha)<\/p>\n\n\t\t<style>\n\t\t\t#gallery-1 {\n\t\t\t\tmargin: auto;\n\t\t\t}\n\t\t\t#gallery-1 .gallery-item {\n\t\t\t\tfloat: left;\n\t\t\t\tmargin-top: 10px;\n\t\t\t\ttext-align: center;\n\t\t\t\twidth: 33%;\n\t\t\t}\n\t\t\t#gallery-1 img {\n\t\t\t\tborder: 2px solid #cfcfcf;\n\t\t\t}\n\t\t\t#gallery-1 .gallery-caption {\n\t\t\t\tmargin-left: 0;\n\t\t\t}\n\t\t\t\/* see gallery_shortcode() in wp-includes\/media.php *\/\n\t\t<\/style>\n\t\t<div id='gallery-1' class='gallery galleryid-17411 gallery-columns-3 gallery-size-thumbnail'><dl class='gallery-item'>\n\t\t\t<dt class='gallery-icon landscape'>\n\t\t\t\t<a href='https:\/\/www.vs-seubersdorf.de\/schulpage\/wp-content\/uploads\/2019\/10\/Aquarius1.jpg'><img width=\"300\" height=\"300\" src=\"https:\/\/www.vs-seubersdorf.de\/schulpage\/wp-content\/uploads\/2019\/10\/Aquarius1-300x300.jpg\" class=\"attachment-thumbnail size-thumbnail\" alt=\"\" decoding=\"async\" loading=\"lazy\" srcset=\"https:\/\/www.vs-seubersdorf.de\/schulpage\/wp-content\/uploads\/2019\/10\/Aquarius1-300x300.jpg 300w, https:\/\/www.vs-seubersdorf.de\/schulpage\/wp-content\/uploads\/2019\/10\/Aquarius1-160x160.jpg 160w, https:\/\/www.vs-seubersdorf.de\/schulpage\/wp-content\/uploads\/2019\/10\/Aquarius1-320x320.jpg 320w\" sizes=\"(max-width: 300px) 100vw, 300px\" \/><\/a>\n\t\t\t<\/dt><\/dl><dl class='gallery-item'>\n\t\t\t<dt class='gallery-icon landscape'>\n\t\t\t\t<a href='https:\/\/www.vs-seubersdorf.de\/schulpage\/wp-content\/uploads\/2019\/10\/Aquarius.jpg'><img width=\"300\" height=\"300\" src=\"https:\/\/www.vs-seubersdorf.de\/schulpage\/wp-content\/uploads\/2019\/10\/Aquarius-300x300.jpg\" class=\"attachment-thumbnail size-thumbnail\" alt=\"\" decoding=\"async\" loading=\"lazy\" srcset=\"https:\/\/www.vs-seubersdorf.de\/schulpage\/wp-content\/uploads\/2019\/10\/Aquarius-300x300.jpg 300w, https:\/\/www.vs-seubersdorf.de\/schulpage\/wp-content\/uploads\/2019\/10\/Aquarius-160x160.jpg 160w, https:\/\/www.vs-seubersdorf.de\/schulpage\/wp-content\/uploads\/2019\/10\/Aquarius-320x320.jpg 320w\" sizes=\"(max-width: 300px) 100vw, 300px\" \/><\/a>\n\t\t\t<\/dt><\/dl><dl class='gallery-item'>\n\t\t\t<dt class='gallery-icon landscape'>\n\t\t\t\t<a href='https:\/\/www.vs-seubersdorf.de\/schulpage\/wp-content\/uploads\/2019\/10\/Aquarius-2.jpg'><img width=\"300\" height=\"300\" src=\"https:\/\/www.vs-seubersdorf.de\/schulpage\/wp-content\/uploads\/2019\/10\/Aquarius-2-300x300.jpg\" class=\"attachment-thumbnail size-thumbnail\" alt=\"\" decoding=\"async\" loading=\"lazy\" srcset=\"https:\/\/www.vs-seubersdorf.de\/schulpage\/wp-content\/uploads\/2019\/10\/Aquarius-2-300x300.jpg 300w, https:\/\/www.vs-seubersdorf.de\/schulpage\/wp-content\/uploads\/2019\/10\/Aquarius-2-160x160.jpg 160w, https:\/\/www.vs-seubersdorf.de\/schulpage\/wp-content\/uploads\/2019\/10\/Aquarius-2-320x320.jpg 320w\" sizes=\"(max-width: 300px) 100vw, 300px\" \/><\/a>\n\t\t\t<\/dt><\/dl><br style=\"clear: both\" \/>\n\t\t<\/div>\n\n<p><strong>Klasse 1b \u201ePause\u201c- alles lecker?<\/strong><\/p>\n<p>Wir, die Klasse 1b, besch\u00e4ftigten uns mit unserem Pausenbrot. Die ganze Woche sammelten wir alles, was nach der Pause \u00fcbrig blieb: Plastikflaschen, Alu-Folie, Butterbrotpapier, T\u00fctchen von Gummib\u00e4rchen und Keksen, Folienverpackungen von Michschnitte und M\u00fcsli-Riegeln, Bananenschalen und vieles mehr wanderte in den Eimer. Obwohl alle Kinder ihr Pausenbrot ganz umweltbewusst in einer Brotzeitdose mitgebracht hatten, blieb trotzdem noch ein richtiger Haufen \u00fcbrig, der normalerweise im M\u00fclleimer und damit in der M\u00fclltonne gelandet w\u00e4re. Wenn man bedenkt, dass dies nur der Wochenabfall einer Klasse unserer Schule ist, waren wir uns einig: Das ist zu viel und muss weniger werden. Zun\u00e4chst \u00fcberlegten wir uns, welcher Abfall unn\u00f6tig ist und stellten fest: F\u00fcr das Brot in der Brotzeitdose brauchen wir keine zus\u00e4tzliche Alu-Folie oder Butterbrotpapier! Ein Getr\u00e4nk kann ich sehr gut in einer Trinkflasche mitbringen, die von der Mama t\u00e4glich ausgewaschen und wieder bef\u00fcllt werden kann. Au\u00dferdem gibt es in der Aula auch einen Trinkbrunnen mit Wasser f\u00fcr den gr\u00f6\u00dften Durst. Die Brotreste, Bananenschalen, Apfelreste k\u00f6nnten wir in Zukunft in einen Komposteimer werfen. Nur die Plastikt\u00fcten und Folien konnten wir nicht vermeiden. Die Sch\u00fcler der 9. Klassen zeigten uns auch, wie gef\u00e4hrlich Plastik f\u00fcr unsere Umwelt ist. Deshalb werden wir versuchen, Plastik und andere Verpackungen in Zukunft m\u00f6glichst oft zu vermeiden. Weil wir aber nicht immer auf Gummib\u00e4rchen und M\u00fcsliriegel verzichten wollen, werden wir diese Verpackungen im Gelben Sack sammeln, damit sie wiederverwertet werden k\u00f6nnen. Und wir k\u00f6nnen jetzt sagen: \u201ePause \u2013 Alles lecker!\u201c (ef)<\/p>\n\n\t\t<style>\n\t\t\t#gallery-2 {\n\t\t\t\tmargin: auto;\n\t\t\t}\n\t\t\t#gallery-2 .gallery-item {\n\t\t\t\tfloat: left;\n\t\t\t\tmargin-top: 10px;\n\t\t\t\ttext-align: center;\n\t\t\t\twidth: 33%;\n\t\t\t}\n\t\t\t#gallery-2 img {\n\t\t\t\tborder: 2px solid #cfcfcf;\n\t\t\t}\n\t\t\t#gallery-2 .gallery-caption {\n\t\t\t\tmargin-left: 0;\n\t\t\t}\n\t\t\t\/* see gallery_shortcode() in wp-includes\/media.php *\/\n\t\t<\/style>\n\t\t<div id='gallery-2' class='gallery galleryid-17411 gallery-columns-3 gallery-size-thumbnail'><dl class='gallery-item'>\n\t\t\t<dt class='gallery-icon landscape'>\n\t\t\t\t<a href='https:\/\/www.vs-seubersdorf.de\/schulpage\/wp-content\/uploads\/2019\/10\/Pausenbrot-1.jpg'><img width=\"300\" height=\"300\" src=\"https:\/\/www.vs-seubersdorf.de\/schulpage\/wp-content\/uploads\/2019\/10\/Pausenbrot-1-300x300.jpg\" class=\"attachment-thumbnail size-thumbnail\" alt=\"\" decoding=\"async\" loading=\"lazy\" srcset=\"https:\/\/www.vs-seubersdorf.de\/schulpage\/wp-content\/uploads\/2019\/10\/Pausenbrot-1-300x300.jpg 300w, https:\/\/www.vs-seubersdorf.de\/schulpage\/wp-content\/uploads\/2019\/10\/Pausenbrot-1-160x160.jpg 160w, https:\/\/www.vs-seubersdorf.de\/schulpage\/wp-content\/uploads\/2019\/10\/Pausenbrot-1-320x320.jpg 320w\" sizes=\"(max-width: 300px) 100vw, 300px\" \/><\/a>\n\t\t\t<\/dt><\/dl><dl class='gallery-item'>\n\t\t\t<dt class='gallery-icon landscape'>\n\t\t\t\t<a href='https:\/\/www.vs-seubersdorf.de\/schulpage\/wp-content\/uploads\/2019\/10\/Pausenbrot-2.jpg'><img width=\"300\" height=\"300\" src=\"https:\/\/www.vs-seubersdorf.de\/schulpage\/wp-content\/uploads\/2019\/10\/Pausenbrot-2-300x300.jpg\" class=\"attachment-thumbnail size-thumbnail\" alt=\"\" decoding=\"async\" loading=\"lazy\" srcset=\"https:\/\/www.vs-seubersdorf.de\/schulpage\/wp-content\/uploads\/2019\/10\/Pausenbrot-2-300x300.jpg 300w, https:\/\/www.vs-seubersdorf.de\/schulpage\/wp-content\/uploads\/2019\/10\/Pausenbrot-2-160x160.jpg 160w, https:\/\/www.vs-seubersdorf.de\/schulpage\/wp-content\/uploads\/2019\/10\/Pausenbrot-2-320x320.jpg 320w\" sizes=\"(max-width: 300px) 100vw, 300px\" \/><\/a>\n\t\t\t<\/dt><\/dl><dl class='gallery-item'>\n\t\t\t<dt class='gallery-icon landscape'>\n\t\t\t\t<a href='https:\/\/www.vs-seubersdorf.de\/schulpage\/wp-content\/uploads\/2019\/10\/Pausenbrot-3.jpg'><img width=\"300\" height=\"300\" src=\"https:\/\/www.vs-seubersdorf.de\/schulpage\/wp-content\/uploads\/2019\/10\/Pausenbrot-3-300x300.jpg\" class=\"attachment-thumbnail size-thumbnail\" alt=\"\" decoding=\"async\" loading=\"lazy\" srcset=\"https:\/\/www.vs-seubersdorf.de\/schulpage\/wp-content\/uploads\/2019\/10\/Pausenbrot-3-300x300.jpg 300w, https:\/\/www.vs-seubersdorf.de\/schulpage\/wp-content\/uploads\/2019\/10\/Pausenbrot-3-160x160.jpg 160w, https:\/\/www.vs-seubersdorf.de\/schulpage\/wp-content\/uploads\/2019\/10\/Pausenbrot-3-320x320.jpg 320w\" sizes=\"(max-width: 300px) 100vw, 300px\" \/><\/a>\n\t\t\t<\/dt><\/dl><br style=\"clear: both\" \/>\n\t\t<\/div>\n\n<p><strong>Klasse 2a: M\u00fclltrennung und Recycling<\/strong><\/p>\n<p>In dieser Woche las die Klasse 2a verschiedene Texte. Diese besch\u00e4ftigten sich mit den Fragestellungen \u201eWie k\u00f6nnen wir M\u00fcll vermeiden?\u201c und \u201eWarum sollten wir keine Plastikt\u00fcten kaufen?\u201c. Angeregt wurde nach dem Lesen dar\u00fcber diskutiert, warum es wichtig ist, dass wir auf unsere Umwelt achten und wie jeder einzelne von uns in der Schule und zu Hause einen Beitrag dazu leisten kann. Auch die Themen M\u00fclltrennung und Recycling wurden dabei aufgegriffen. (sg)<\/p>\n<p><strong>Klasse 2b: Lernen in der\u00a0 Natur<br \/>\n<\/strong><\/p>\n<p>Zum Thema Nachhaltigkeit unternahm die Klasse 2b einen Unterrichtsgang rund um den Buchberg, um ein St\u00fcck Natur bewusst zu erkunden. Dabei konnten verschiedene Heckenstr\u00e4ucher, wie z.B. die leuchtend rote Hagebutte bewundert und bestimmt werden. Gleichzeitig sollten die Kinder auch darauf schauen, inwieweit die Natur durch achtlos weggeworfenen M\u00fcll, vor allem Plastik, verunstaltet wurde. Verschiedene Lesetexte zum Thema M\u00fcllvermeidung wurden dann nachtr\u00e4glich im Klassenzimmer bearbeitet und besprochen. Ziel war es, dass sich die Sch\u00fcler bewusst wurden, welchen Anteil der Mensch zur Erhaltung der Natur beitr\u00e4gt. (ij)<\/p>\n\n\t\t<style>\n\t\t\t#gallery-3 {\n\t\t\t\tmargin: auto;\n\t\t\t}\n\t\t\t#gallery-3 .gallery-item {\n\t\t\t\tfloat: left;\n\t\t\t\tmargin-top: 10px;\n\t\t\t\ttext-align: center;\n\t\t\t\twidth: 33%;\n\t\t\t}\n\t\t\t#gallery-3 img {\n\t\t\t\tborder: 2px solid #cfcfcf;\n\t\t\t}\n\t\t\t#gallery-3 .gallery-caption {\n\t\t\t\tmargin-left: 0;\n\t\t\t}\n\t\t\t\/* see gallery_shortcode() in wp-includes\/media.php *\/\n\t\t<\/style>\n\t\t<div id='gallery-3' class='gallery galleryid-17411 gallery-columns-3 gallery-size-thumbnail'><dl class='gallery-item'>\n\t\t\t<dt class='gallery-icon portrait'>\n\t\t\t\t<a href='https:\/\/www.vs-seubersdorf.de\/schulpage\/wp-content\/uploads\/2019\/10\/Lernen-in-der-Natur-1.jpg'><img width=\"300\" height=\"300\" src=\"https:\/\/www.vs-seubersdorf.de\/schulpage\/wp-content\/uploads\/2019\/10\/Lernen-in-der-Natur-1-300x300.jpg\" class=\"attachment-thumbnail size-thumbnail\" alt=\"\" decoding=\"async\" loading=\"lazy\" srcset=\"https:\/\/www.vs-seubersdorf.de\/schulpage\/wp-content\/uploads\/2019\/10\/Lernen-in-der-Natur-1-300x300.jpg 300w, https:\/\/www.vs-seubersdorf.de\/schulpage\/wp-content\/uploads\/2019\/10\/Lernen-in-der-Natur-1-160x160.jpg 160w, https:\/\/www.vs-seubersdorf.de\/schulpage\/wp-content\/uploads\/2019\/10\/Lernen-in-der-Natur-1-320x320.jpg 320w\" sizes=\"(max-width: 300px) 100vw, 300px\" \/><\/a>\n\t\t\t<\/dt><\/dl><dl class='gallery-item'>\n\t\t\t<dt class='gallery-icon portrait'>\n\t\t\t\t<a href='https:\/\/www.vs-seubersdorf.de\/schulpage\/wp-content\/uploads\/2019\/10\/Lernen-in-der-Natur-2.jpg'><img width=\"300\" height=\"300\" src=\"https:\/\/www.vs-seubersdorf.de\/schulpage\/wp-content\/uploads\/2019\/10\/Lernen-in-der-Natur-2-300x300.jpg\" class=\"attachment-thumbnail size-thumbnail\" alt=\"\" decoding=\"async\" loading=\"lazy\" srcset=\"https:\/\/www.vs-seubersdorf.de\/schulpage\/wp-content\/uploads\/2019\/10\/Lernen-in-der-Natur-2-300x300.jpg 300w, https:\/\/www.vs-seubersdorf.de\/schulpage\/wp-content\/uploads\/2019\/10\/Lernen-in-der-Natur-2-160x160.jpg 160w, https:\/\/www.vs-seubersdorf.de\/schulpage\/wp-content\/uploads\/2019\/10\/Lernen-in-der-Natur-2-320x320.jpg 320w\" sizes=\"(max-width: 300px) 100vw, 300px\" \/><\/a>\n\t\t\t<\/dt><\/dl><dl class='gallery-item'>\n\t\t\t<dt class='gallery-icon portrait'>\n\t\t\t\t<a href='https:\/\/www.vs-seubersdorf.de\/schulpage\/wp-content\/uploads\/2019\/10\/Lernen-in-der-Natur-3.jpg'><img width=\"300\" height=\"300\" src=\"https:\/\/www.vs-seubersdorf.de\/schulpage\/wp-content\/uploads\/2019\/10\/Lernen-in-der-Natur-3-300x300.jpg\" class=\"attachment-thumbnail size-thumbnail\" alt=\"\" decoding=\"async\" loading=\"lazy\" srcset=\"https:\/\/www.vs-seubersdorf.de\/schulpage\/wp-content\/uploads\/2019\/10\/Lernen-in-der-Natur-3-300x300.jpg 300w, https:\/\/www.vs-seubersdorf.de\/schulpage\/wp-content\/uploads\/2019\/10\/Lernen-in-der-Natur-3-160x160.jpg 160w, https:\/\/www.vs-seubersdorf.de\/schulpage\/wp-content\/uploads\/2019\/10\/Lernen-in-der-Natur-3-320x320.jpg 320w\" sizes=\"(max-width: 300px) 100vw, 300px\" \/><\/a>\n\t\t\t<\/dt><\/dl><br style=\"clear: both\" \/>\n\t\t<\/div>\n\n<p><strong>Klassen 3a und 3b: Die Rolle des Waldes f\u00fcr den Klimaschutz<\/strong><\/p>\n<p>Die dritten Klassen, die sich in HSU gerade mit dem Thema Wald besch\u00e4ftigen, befassten sich diese Woche mit der Rolle des Waldes f\u00fcr den Klimaschutz. Indem sie CO<sub>2 <\/sub>speichern, wirken die B\u00e4ume dem Treibhauseffekt und dem Klimawandel entgegen. Deshalb ist es wichtig, verantwortungsvoll mit dieser Ressource umzugehen. Nachdem sich die Kinder dar\u00fcber Gedanken gemacht hatten, wof\u00fcr im Alltag Holz und Papier verwendet wird, suchten sie ihre Schulsachen nach den Nachhaltigkeitssiegeln Blauer Engel, FSC und PFSC ab. Um auch andere auf das Thema aufmerksam zu machen, gestalteten sie Plakate mit dem Blauen Engel, die im Schulhaus aufgeh\u00e4ngt wurden. Dieses Siegel zeichnet Produkte aus 100% Altpapier und daher mit gr\u00f6\u00dfter Nachhaltigkeit aus. Konsequenterweise merkten die Kinder dabei an, dass auch das Druckerpapier f\u00fcr Arbeitsbl\u00e4tter aus Recyclingpapier bestehen sollte, was nun \u00fcberdacht wird. (ez)<\/p>\n\n\t\t<style>\n\t\t\t#gallery-4 {\n\t\t\t\tmargin: auto;\n\t\t\t}\n\t\t\t#gallery-4 .gallery-item {\n\t\t\t\tfloat: left;\n\t\t\t\tmargin-top: 10px;\n\t\t\t\ttext-align: center;\n\t\t\t\twidth: 33%;\n\t\t\t}\n\t\t\t#gallery-4 img {\n\t\t\t\tborder: 2px solid #cfcfcf;\n\t\t\t}\n\t\t\t#gallery-4 .gallery-caption {\n\t\t\t\tmargin-left: 0;\n\t\t\t}\n\t\t\t\/* see gallery_shortcode() in wp-includes\/media.php *\/\n\t\t<\/style>\n\t\t<div id='gallery-4' class='gallery galleryid-17411 gallery-columns-3 gallery-size-thumbnail'><dl class='gallery-item'>\n\t\t\t<dt class='gallery-icon portrait'>\n\t\t\t\t<a href='https:\/\/www.vs-seubersdorf.de\/schulpage\/wp-content\/uploads\/2019\/10\/Plakat-3a.jpg'><img width=\"300\" height=\"300\" src=\"https:\/\/www.vs-seubersdorf.de\/schulpage\/wp-content\/uploads\/2019\/10\/Plakat-3a-300x300.jpg\" class=\"attachment-thumbnail size-thumbnail\" alt=\"\" decoding=\"async\" loading=\"lazy\" srcset=\"https:\/\/www.vs-seubersdorf.de\/schulpage\/wp-content\/uploads\/2019\/10\/Plakat-3a-300x300.jpg 300w, https:\/\/www.vs-seubersdorf.de\/schulpage\/wp-content\/uploads\/2019\/10\/Plakat-3a-160x160.jpg 160w, https:\/\/www.vs-seubersdorf.de\/schulpage\/wp-content\/uploads\/2019\/10\/Plakat-3a-320x320.jpg 320w\" sizes=\"(max-width: 300px) 100vw, 300px\" \/><\/a>\n\t\t\t<\/dt><\/dl><dl class='gallery-item'>\n\t\t\t<dt class='gallery-icon landscape'>\n\t\t\t\t<a href='https:\/\/www.vs-seubersdorf.de\/schulpage\/wp-content\/uploads\/2019\/10\/Wald.jpg'><img width=\"300\" height=\"300\" src=\"https:\/\/www.vs-seubersdorf.de\/schulpage\/wp-content\/uploads\/2019\/10\/Wald-300x300.jpg\" class=\"attachment-thumbnail size-thumbnail\" alt=\"\" decoding=\"async\" loading=\"lazy\" srcset=\"https:\/\/www.vs-seubersdorf.de\/schulpage\/wp-content\/uploads\/2019\/10\/Wald-300x300.jpg 300w, https:\/\/www.vs-seubersdorf.de\/schulpage\/wp-content\/uploads\/2019\/10\/Wald-160x160.jpg 160w, https:\/\/www.vs-seubersdorf.de\/schulpage\/wp-content\/uploads\/2019\/10\/Wald-320x320.jpg 320w\" sizes=\"(max-width: 300px) 100vw, 300px\" \/><\/a>\n\t\t\t<\/dt><\/dl><dl class='gallery-item'>\n\t\t\t<dt class='gallery-icon portrait'>\n\t\t\t\t<a href='https:\/\/www.vs-seubersdorf.de\/schulpage\/wp-content\/uploads\/2019\/10\/Plakat-3b.jpg'><img width=\"300\" height=\"300\" src=\"https:\/\/www.vs-seubersdorf.de\/schulpage\/wp-content\/uploads\/2019\/10\/Plakat-3b-300x300.jpg\" class=\"attachment-thumbnail size-thumbnail\" alt=\"\" decoding=\"async\" loading=\"lazy\" srcset=\"https:\/\/www.vs-seubersdorf.de\/schulpage\/wp-content\/uploads\/2019\/10\/Plakat-3b-300x300.jpg 300w, https:\/\/www.vs-seubersdorf.de\/schulpage\/wp-content\/uploads\/2019\/10\/Plakat-3b-160x160.jpg 160w, https:\/\/www.vs-seubersdorf.de\/schulpage\/wp-content\/uploads\/2019\/10\/Plakat-3b-320x320.jpg 320w\" sizes=\"(max-width: 300px) 100vw, 300px\" \/><\/a>\n\t\t\t<\/dt><\/dl><br style=\"clear: both\" \/>\n\t\t<\/div>\n\n<p><strong>Klasse 4a: Aspekte der Nachhaltigkeit<\/strong><\/p>\n<p>Nachhaltigkeit ist heute ein Leitbegriff des 21. Jahrhunderts &#8211; tats\u00e4chlich jedoch ist er bereits \u00fcber 300 Jahre alt. Wurde er anfangs benutzt, um in der Forstwirtschaft eine Wirtschaftsweise zu beschreiben, bei der Natur und menschliche Nutzung im Gleichgewicht liegen, so spricht man heutzutage von einem Dreis\u00e4ulenkonzept: Es geht um \u00f6kologische Tragf\u00e4higkeit, soziale Gerechtigkeit und wirtschaftliche Effizienz (Konferenz von Rio, 1992). Diese sehr abstrakten Bereiche lernte die Klasse 4a zun\u00e4chst in einem kurzen Film kennen, bevor sie sich im konkreten Tun und Gespr\u00e4ch aktiv mit verschiedenen Aspekten von Nachhaltigkeit auseinandersetzen.<\/p>\n<p><em><u>Das Schokoladenspiel<\/u><\/em><\/p>\n<p>Jeder von uns schl\u00fcpfte zun\u00e4chst in die Rolle eines Teiles der Produktionskette von Schokolade. Der Farmbesitzer in S\u00fcdamerika kam genauso zu Wort wie die diversen Lieferanten oder Produzenten. Spannend war, wie viele Gruppen an der Herstellung von Schokolade beteiligt sind. In einem zweiten Schritt ging es nun aber r\u00fcckw\u00e4rts: Jede Rolle entschied, wie viel Schokolade einer Tafel ihr zusteht, entsprechend dem Gewinn, den sie daraus erzielt. Im Sitzkreis wurde es immer stiller, da f\u00fcr die letzten Glieder der Kette immer weniger Schokolade \u00fcbrig blieb. So erfuhren wir hautnah, wie ungerecht und vielleicht auch wie unverh\u00e4ltnism\u00e4\u00dfig die Gewinnverteilung sein kann. Sehr schnell kamen wir auf verschiedene L\u00f6sungswege und besprachen in diesem Zusammenhang auch Siegel wie \u201eFairtrade\u201c.<\/p>\n<p><em><u>Philosophisches Gespr\u00e4ch \u201eWelche Bedeutung hat die Natur f\u00fcr den Menschen?\u201c<\/u><\/em><\/p>\n<p>Seine Gedanken und Meinungen gleichberechtigt im Gespr\u00e4ch einzubringen, ist Grundlage des philosophischen Gespr\u00e4chs. Unterschiedliche Ansichten, Antworten und L\u00f6sungen bleiben am Ende nebeneinander bestehen. Einige \u00c4u\u00dferungen aus unserem philosophischen Gespr\u00e4ch zeigen dies:<br \/>\n\u201eDie Natur geh\u00f6rt allen, aber auch niemandem.\u201c<br \/>\n\u201eDie Menschen nehmen zu viel. Auch die Tiere brauchen die Pflanzen.\u201c<br \/>\n\u201eOhne den Menschen w\u00fcrde die Natur sich selbst kaputt machen. Der Borkenk\u00e4fer zerst\u00f6rt die W\u00e4lder.\u201c<br \/>\n\u201eAber der Borkenk\u00e4fer erm\u00f6glicht dann auch, dass sich andere Lebewesen wie Pilze wieder ansiedeln k\u00f6nnen.\u201c (hb)<\/p>\n\n\t\t<style>\n\t\t\t#gallery-5 {\n\t\t\t\tmargin: auto;\n\t\t\t}\n\t\t\t#gallery-5 .gallery-item {\n\t\t\t\tfloat: left;\n\t\t\t\tmargin-top: 10px;\n\t\t\t\ttext-align: center;\n\t\t\t\twidth: 33%;\n\t\t\t}\n\t\t\t#gallery-5 img {\n\t\t\t\tborder: 2px solid #cfcfcf;\n\t\t\t}\n\t\t\t#gallery-5 .gallery-caption {\n\t\t\t\tmargin-left: 0;\n\t\t\t}\n\t\t\t\/* see gallery_shortcode() in wp-includes\/media.php *\/\n\t\t<\/style>\n\t\t<div id='gallery-5' class='gallery galleryid-17411 gallery-columns-3 gallery-size-thumbnail'><dl class='gallery-item'>\n\t\t\t<dt class='gallery-icon landscape'>\n\t\t\t\t<a href='https:\/\/www.vs-seubersdorf.de\/schulpage\/wp-content\/uploads\/2019\/10\/Philosophieren.jpg'><img width=\"300\" height=\"300\" src=\"https:\/\/www.vs-seubersdorf.de\/schulpage\/wp-content\/uploads\/2019\/10\/Philosophieren-300x300.jpg\" class=\"attachment-thumbnail size-thumbnail\" alt=\"\" decoding=\"async\" loading=\"lazy\" srcset=\"https:\/\/www.vs-seubersdorf.de\/schulpage\/wp-content\/uploads\/2019\/10\/Philosophieren-300x300.jpg 300w, https:\/\/www.vs-seubersdorf.de\/schulpage\/wp-content\/uploads\/2019\/10\/Philosophieren-160x160.jpg 160w, https:\/\/www.vs-seubersdorf.de\/schulpage\/wp-content\/uploads\/2019\/10\/Philosophieren-320x320.jpg 320w\" sizes=\"(max-width: 300px) 100vw, 300px\" \/><\/a>\n\t\t\t<\/dt><\/dl><dl class='gallery-item'>\n\t\t\t<dt class='gallery-icon landscape'>\n\t\t\t\t<a href='https:\/\/www.vs-seubersdorf.de\/schulpage\/wp-content\/uploads\/2019\/10\/Schokoladenspiel1.jpg'><img width=\"300\" height=\"300\" src=\"https:\/\/www.vs-seubersdorf.de\/schulpage\/wp-content\/uploads\/2019\/10\/Schokoladenspiel1-300x300.jpg\" class=\"attachment-thumbnail size-thumbnail\" alt=\"\" decoding=\"async\" loading=\"lazy\" srcset=\"https:\/\/www.vs-seubersdorf.de\/schulpage\/wp-content\/uploads\/2019\/10\/Schokoladenspiel1-300x300.jpg 300w, https:\/\/www.vs-seubersdorf.de\/schulpage\/wp-content\/uploads\/2019\/10\/Schokoladenspiel1-160x160.jpg 160w, https:\/\/www.vs-seubersdorf.de\/schulpage\/wp-content\/uploads\/2019\/10\/Schokoladenspiel1-320x320.jpg 320w\" sizes=\"(max-width: 300px) 100vw, 300px\" \/><\/a>\n\t\t\t<\/dt><\/dl><dl class='gallery-item'>\n\t\t\t<dt class='gallery-icon landscape'>\n\t\t\t\t<a href='https:\/\/www.vs-seubersdorf.de\/schulpage\/wp-content\/uploads\/2019\/10\/Schokoladenspiel3.jpg'><img width=\"300\" height=\"300\" src=\"https:\/\/www.vs-seubersdorf.de\/schulpage\/wp-content\/uploads\/2019\/10\/Schokoladenspiel3-300x300.jpg\" class=\"attachment-thumbnail size-thumbnail\" alt=\"\" decoding=\"async\" loading=\"lazy\" srcset=\"https:\/\/www.vs-seubersdorf.de\/schulpage\/wp-content\/uploads\/2019\/10\/Schokoladenspiel3-300x300.jpg 300w, https:\/\/www.vs-seubersdorf.de\/schulpage\/wp-content\/uploads\/2019\/10\/Schokoladenspiel3-160x160.jpg 160w, https:\/\/www.vs-seubersdorf.de\/schulpage\/wp-content\/uploads\/2019\/10\/Schokoladenspiel3-320x320.jpg 320w\" sizes=\"(max-width: 300px) 100vw, 300px\" \/><\/a>\n\t\t\t<\/dt><\/dl><br style=\"clear: both\" \/>\n\t\t<\/div>\n\n<p><strong>Klasse 4b: Dem Klimawandel auf der Spur<\/strong><\/p>\n<p>Die Klimadetektive der Klasse 4b erforschten das Klima und den Klimawandel. Was ist die Atmosph\u00e4re? Was machen Treibhausgase? Wie beeinflusst der Mensch das Klima? Was haben Rinder mit dem Klimawandel zu tun? Was ist ein \u00f6kologischer Fu\u00dfabdruck? Sehr engagiert befassten sich die Kinder mit diesen und noch mehr Fragen zum Thema \u201eKlimawandel\u201c. Die Kinder reagierten sehr sensibel und interessiert auf die Thematik. Mittlerweile sind sie schon kleine Klimaprofis geworden und wollen dazu beitragen, dass ihre Erde ein sch\u00f6ner und lebenswerter Planet bleibt. (aj)<\/p>\n\n\t\t<style>\n\t\t\t#gallery-6 {\n\t\t\t\tmargin: auto;\n\t\t\t}\n\t\t\t#gallery-6 .gallery-item {\n\t\t\t\tfloat: left;\n\t\t\t\tmargin-top: 10px;\n\t\t\t\ttext-align: center;\n\t\t\t\twidth: 33%;\n\t\t\t}\n\t\t\t#gallery-6 img {\n\t\t\t\tborder: 2px solid #cfcfcf;\n\t\t\t}\n\t\t\t#gallery-6 .gallery-caption {\n\t\t\t\tmargin-left: 0;\n\t\t\t}\n\t\t\t\/* see gallery_shortcode() in wp-includes\/media.php *\/\n\t\t<\/style>\n\t\t<div id='gallery-6' class='gallery galleryid-17411 gallery-columns-3 gallery-size-thumbnail'><dl class='gallery-item'>\n\t\t\t<dt class='gallery-icon portrait'>\n\t\t\t\t<a href='https:\/\/www.vs-seubersdorf.de\/schulpage\/wp-content\/uploads\/2019\/10\/Klimawandel-1.jpg'><img width=\"300\" height=\"300\" src=\"https:\/\/www.vs-seubersdorf.de\/schulpage\/wp-content\/uploads\/2019\/10\/Klimawandel-1-300x300.jpg\" class=\"attachment-thumbnail size-thumbnail\" alt=\"\" decoding=\"async\" loading=\"lazy\" srcset=\"https:\/\/www.vs-seubersdorf.de\/schulpage\/wp-content\/uploads\/2019\/10\/Klimawandel-1-300x300.jpg 300w, https:\/\/www.vs-seubersdorf.de\/schulpage\/wp-content\/uploads\/2019\/10\/Klimawandel-1-160x160.jpg 160w, https:\/\/www.vs-seubersdorf.de\/schulpage\/wp-content\/uploads\/2019\/10\/Klimawandel-1-320x320.jpg 320w\" sizes=\"(max-width: 300px) 100vw, 300px\" \/><\/a>\n\t\t\t<\/dt><\/dl><dl class='gallery-item'>\n\t\t\t<dt class='gallery-icon portrait'>\n\t\t\t\t<a href='https:\/\/www.vs-seubersdorf.de\/schulpage\/wp-content\/uploads\/2019\/10\/Klimawandel-2.jpg'><img width=\"300\" height=\"300\" src=\"https:\/\/www.vs-seubersdorf.de\/schulpage\/wp-content\/uploads\/2019\/10\/Klimawandel-2-300x300.jpg\" class=\"attachment-thumbnail size-thumbnail\" alt=\"\" decoding=\"async\" loading=\"lazy\" srcset=\"https:\/\/www.vs-seubersdorf.de\/schulpage\/wp-content\/uploads\/2019\/10\/Klimawandel-2-300x300.jpg 300w, https:\/\/www.vs-seubersdorf.de\/schulpage\/wp-content\/uploads\/2019\/10\/Klimawandel-2-160x160.jpg 160w, https:\/\/www.vs-seubersdorf.de\/schulpage\/wp-content\/uploads\/2019\/10\/Klimawandel-2-320x320.jpg 320w\" sizes=\"(max-width: 300px) 100vw, 300px\" \/><\/a>\n\t\t\t<\/dt><\/dl><dl class='gallery-item'>\n\t\t\t<dt class='gallery-icon portrait'>\n\t\t\t\t<a href='https:\/\/www.vs-seubersdorf.de\/schulpage\/wp-content\/uploads\/2019\/10\/Klimawandel-3.jpg'><img width=\"300\" height=\"300\" src=\"https:\/\/www.vs-seubersdorf.de\/schulpage\/wp-content\/uploads\/2019\/10\/Klimawandel-3-300x300.jpg\" class=\"attachment-thumbnail size-thumbnail\" alt=\"\" decoding=\"async\" loading=\"lazy\" srcset=\"https:\/\/www.vs-seubersdorf.de\/schulpage\/wp-content\/uploads\/2019\/10\/Klimawandel-3-300x300.jpg 300w, https:\/\/www.vs-seubersdorf.de\/schulpage\/wp-content\/uploads\/2019\/10\/Klimawandel-3-160x160.jpg 160w, https:\/\/www.vs-seubersdorf.de\/schulpage\/wp-content\/uploads\/2019\/10\/Klimawandel-3-320x320.jpg 320w\" sizes=\"(max-width: 300px) 100vw, 300px\" \/><\/a>\n\t\t\t<\/dt><\/dl><br style=\"clear: both\" \/>\n\t\t<\/div>\n\n<p><strong>Klasse 5: Die Auswirkungen des Klimawandels<\/strong><\/p>\n<p>Menschliche Aktivit\u00e4ten haben seit Beginn der Industrialisierung zu einem erheblichen Anstieg der Treibhausgase in der Atmosph\u00e4re gef\u00fchrt.\u00a0 Wichtigste Ursache ist die Verbrennung fossiler Brennstoffe. Da die heutigen 5. Kl\u00e4ssler die Folgen des Klimawandels in ihrer Lebenszeit erfahren, m\u00fcssen Gegenma\u00dfnahmen getroffen werden. So wurden im Unterricht die Grundlagenkenntnisse zum Thema ermittelt. Folgende Fragen wurden behandelt: Warum sind Eisb\u00e4ren in Not, Unterschiede von Wetter, Witterung und Klima, Klima fr\u00fcher und heute, der Mensch ver\u00e4ndert das Klima. In der Folgestunde konnten sich die Sch\u00fcler anhand von Bildern schriftlich Gedanken \u00fcber die Auswirkungen des Klimawandels in Deutschland machen und mit Hilfe eines weiteren Arbeitsblattes\u00a0 dar\u00fcber nachdenken, welche M\u00f6glichkeiten es f\u00fcr sie selbst gibt, die Folgen des\u00a0 Klimawandels abzuschw\u00e4chen. Abschlie\u00dfend wurden bei einem Film die Auswirkungen des Klimawandels optisch verdeutlicht. (cm)<\/p>\n<p><strong>Klasse 6: Und was isst du so? \u2013 Quiz rund um die Ern\u00e4hrung<\/strong><\/p>\n<p>In der Woche der Gesundheit und Nachhaltigkeit wetteiferten die Sch\u00fclerinnen und Sch\u00fcler im Ern\u00e4hrungs-Quiz 4.0. In insgesamt 5 Rubriken konnten die Kinder ihr Wissen \u00fcber Ern\u00e4hrung unter Beweis stellen: Trinken und Getr\u00e4nke, Obst und Gem\u00fcse, Wann\/Wie und Wo essen?, Essen und Trinken schlau w\u00e4hlen, Vitamine &amp; Co.. Es gab in jeder Rubrik Fragen in verschiedenen Schwierigkeitsgraden zu l\u00f6sen. Dieser Spielmodus nach Jeopardy-Vorbild war nicht nur \u00e4u\u00dferst spannend, sondern auch sehr herausfordernd. Hier ein Beispiel: Was geh\u00f6rt zu den Mineralien?<\/p>\n<p>A = Zink, Eisen und Magnesium<br \/>\nB = Eiwei\u00df, Kohlenhydrate und Ballaststoffe<br \/>\nC = Vitamin A, B und C\u00a0\u00a0\u00a0\u00a0 Antwort A ist richtig! (ah)<\/p>\n<p><strong>Klasse 8: Mikroplastik \u2013 eine tickende Zeitbombe:<\/strong><\/p>\n<p>Im Rahmen der Woche der Gesundheit und Nachhaltigkeit besch\u00e4ftigte sich die 8. Klasse mit dem aktuellen Problem der Plastikm\u00fcllberge und der daraus resultieren-den Gefahr des Mikroplastiks. Als Einstieg in die Problematik sahen die Sch\u00fclerinnen und Sch\u00fcler eine kurze Dokumentation mit dem Titel \u201eUmweltgefahr Mikroplastik\u201c. In diesem Film wurde gezeigt, wie Gew\u00e4sserproben entnommen werden und wie stark diese mit gro\u00dfen, aber auch sehr kleinen Plastikteilchen verunreinigt sind. Der Begriff \u201eMikroplastik\u201c wurde anschlie\u00dfend genauer erkl\u00e4rt, die unvorstellbaren gro\u00dfen Mengen an Kunststoffen aufgezeigt und die Gefahren erl\u00e4utert. Vor allem die Bilder toter V\u00f6gel und Meeresbewohner machten betroffen. Am Ende des Films zeigten Experten m\u00f6gliche L\u00f6sungsans\u00e4tze. Diese wurden dann im Unterricht aufgegriffen und diskutiert. Am Ende der Stunde war jedem die Problematik bewusst und jeder Sch\u00fcler hat erkannt, dass man selbst einen kleinen Beitrag leisten kann, Plastik zu vermeiden.<\/p>\n<p><strong>Klassen M9a und M9b: Botschafter in Sachen Mikroplastik<br \/>\n<\/strong><\/p>\n<p>Im Rahmen der Woche der Nachhaltigkeit und Gesundheit an unserer Schule informierten sich die Klassen M9a und M9b zum Thema \u201eMikroplastik \u2013 Auswirkungen auf Umwelt, Tiere und Menschen\u201c. Als Botschafter f\u00fcr einen bewussteren Umgang mit Plastik besuchten sie in Gruppen die \u00fcbrigen Klassen der Grund- und Mittelschule und stellten ihnen ihre neu gewonnenen Erkenntnisse in einer PowerPoint-Pr\u00e4sentation, die auf die jeweilige Jahrgangsstufe abgestimmt war, vor. Vielleicht konnten sie so einige ihrer Mitsch\u00fcler und Mitsch\u00fclerinnen f\u00fcr das Thema sensibilisieren und ihnen einen kleinen Denkansto\u00df geben, der hin zu einer sparsameren Verwendung von Plastik f\u00fchrt. Im Sinne unserer Umwelt und unserer Gesundheit w\u00e4re es zu w\u00fcnschen. (dl)<\/p>\n\n\t\t<style>\n\t\t\t#gallery-7 {\n\t\t\t\tmargin: auto;\n\t\t\t}\n\t\t\t#gallery-7 .gallery-item {\n\t\t\t\tfloat: left;\n\t\t\t\tmargin-top: 10px;\n\t\t\t\ttext-align: center;\n\t\t\t\twidth: 33%;\n\t\t\t}\n\t\t\t#gallery-7 img {\n\t\t\t\tborder: 2px solid #cfcfcf;\n\t\t\t}\n\t\t\t#gallery-7 .gallery-caption {\n\t\t\t\tmargin-left: 0;\n\t\t\t}\n\t\t\t\/* see gallery_shortcode() in wp-includes\/media.php *\/\n\t\t<\/style>\n\t\t<div id='gallery-7' class='gallery galleryid-17411 gallery-columns-3 gallery-size-thumbnail'><dl class='gallery-item'>\n\t\t\t<dt class='gallery-icon landscape'>\n\t\t\t\t<a href='https:\/\/www.vs-seubersdorf.de\/schulpage\/wp-content\/uploads\/2019\/10\/Mikroplastik-1.jpg'><img width=\"300\" height=\"300\" src=\"https:\/\/www.vs-seubersdorf.de\/schulpage\/wp-content\/uploads\/2019\/10\/Mikroplastik-1-300x300.jpg\" class=\"attachment-thumbnail size-thumbnail\" alt=\"\" decoding=\"async\" loading=\"lazy\" srcset=\"https:\/\/www.vs-seubersdorf.de\/schulpage\/wp-content\/uploads\/2019\/10\/Mikroplastik-1-300x300.jpg 300w, https:\/\/www.vs-seubersdorf.de\/schulpage\/wp-content\/uploads\/2019\/10\/Mikroplastik-1-160x160.jpg 160w, https:\/\/www.vs-seubersdorf.de\/schulpage\/wp-content\/uploads\/2019\/10\/Mikroplastik-1-320x320.jpg 320w\" sizes=\"(max-width: 300px) 100vw, 300px\" \/><\/a>\n\t\t\t<\/dt><\/dl><dl class='gallery-item'>\n\t\t\t<dt class='gallery-icon landscape'>\n\t\t\t\t<a href='https:\/\/www.vs-seubersdorf.de\/schulpage\/wp-content\/uploads\/2019\/10\/Mikroplastik-2.jpg'><img width=\"300\" height=\"300\" src=\"https:\/\/www.vs-seubersdorf.de\/schulpage\/wp-content\/uploads\/2019\/10\/Mikroplastik-2-300x300.jpg\" class=\"attachment-thumbnail size-thumbnail\" alt=\"\" decoding=\"async\" loading=\"lazy\" srcset=\"https:\/\/www.vs-seubersdorf.de\/schulpage\/wp-content\/uploads\/2019\/10\/Mikroplastik-2-300x300.jpg 300w, https:\/\/www.vs-seubersdorf.de\/schulpage\/wp-content\/uploads\/2019\/10\/Mikroplastik-2-160x160.jpg 160w, https:\/\/www.vs-seubersdorf.de\/schulpage\/wp-content\/uploads\/2019\/10\/Mikroplastik-2-320x320.jpg 320w\" sizes=\"(max-width: 300px) 100vw, 300px\" \/><\/a>\n\t\t\t<\/dt><\/dl><dl class='gallery-item'>\n\t\t\t<dt class='gallery-icon landscape'>\n\t\t\t\t<a href='https:\/\/www.vs-seubersdorf.de\/schulpage\/wp-content\/uploads\/2019\/10\/Mikroplastik.jpg'><img width=\"300\" height=\"300\" src=\"https:\/\/www.vs-seubersdorf.de\/schulpage\/wp-content\/uploads\/2019\/10\/Mikroplastik-300x300.jpg\" class=\"attachment-thumbnail size-thumbnail\" alt=\"\" decoding=\"async\" loading=\"lazy\" srcset=\"https:\/\/www.vs-seubersdorf.de\/schulpage\/wp-content\/uploads\/2019\/10\/Mikroplastik-300x300.jpg 300w, https:\/\/www.vs-seubersdorf.de\/schulpage\/wp-content\/uploads\/2019\/10\/Mikroplastik-160x160.jpg 160w, https:\/\/www.vs-seubersdorf.de\/schulpage\/wp-content\/uploads\/2019\/10\/Mikroplastik-320x320.jpg 320w\" sizes=\"(max-width: 300px) 100vw, 300px\" \/><\/a>\n\t\t\t<\/dt><\/dl><br style=\"clear: both\" \/>\n\t\t<\/div>\n\n<p>&nbsp;<\/p>\n","protected":false},"excerpt":{"rendered":"<p>\u201eWelche Auswirkungen hat mein Lebensstil auf nachfolgende Generationen bzw. auf das Leben in anderen Erdteilen? Wie ern\u00e4hre ich mich richtig&#46;&#46;&#46;<\/p>\n","protected":false},"author":2,"featured_media":17434,"comment_status":"closed","ping_status":"closed","sticky":false,"template":"","format":"image","meta":{"footnotes":""},"categories":[4,7],"tags":[],"_links":{"self":[{"href":"https:\/\/www.vs-seubersdorf.de\/schulpage\/index.php?rest_route=\/wp\/v2\/posts\/17411"}],"collection":[{"href":"https:\/\/www.vs-seubersdorf.de\/schulpage\/index.php?rest_route=\/wp\/v2\/posts"}],"about":[{"href":"https:\/\/www.vs-seubersdorf.de\/schulpage\/index.php?rest_route=\/wp\/v2\/types\/post"}],"author":[{"embeddable":true,"href":"https:\/\/www.vs-seubersdorf.de\/schulpage\/index.php?rest_route=\/wp\/v2\/users\/2"}],"replies":[{"embeddable":true,"href":"https:\/\/www.vs-seubersdorf.de\/schulpage\/index.php?rest_route=%2Fwp%2Fv2%2Fcomments&post=17411"}],"version-history":[{"count":0,"href":"https:\/\/www.vs-seubersdorf.de\/schulpage\/index.php?rest_route=\/wp\/v2\/posts\/17411\/revisions"}],"wp:featuredmedia":[{"embeddable":true,"href":"https:\/\/www.vs-seubersdorf.de\/schulpage\/index.php?rest_route=\/wp\/v2\/media\/17434"}],"wp:attachment":[{"href":"https:\/\/www.vs-seubersdorf.de\/schulpage\/index.php?rest_route=%2Fwp%2Fv2%2Fmedia&parent=17411"}],"wp:term":[{"taxonomy":"category","embeddable":true,"href":"https:\/\/www.vs-seubersdorf.de\/schulpage\/index.php?rest_route=%2Fwp%2Fv2%2Fcategories&post=17411"},{"taxonomy":"post_tag","embeddable":true,"href":"https:\/\/www.vs-seubersdorf.de\/schulpage\/index.php?rest_route=%2Fwp%2Fv2%2Ftags&post=17411"}],"curies":[{"name":"wp","href":"https:\/\/api.w.org\/{rel}","templated":true}]}}