{"id":17173,"date":"2019-07-21T10:03:42","date_gmt":"2019-07-21T09:03:42","guid":{"rendered":"https:\/\/www.vs-seubersdorf.de\/schulpage\/?p=17173"},"modified":"2019-07-21T10:11:35","modified_gmt":"2019-07-21T09:11:35","slug":"hurra-wir-sind-stolze-gewinner-einer-klassenfahrt","status":"publish","type":"post","link":"https:\/\/www.vs-seubersdorf.de\/schulpage\/?p=17173","title":{"rendered":"Hurra! Wir sind stolze Gewinner einer Klassenfahrt!"},"content":{"rendered":"<p>Die Sch\u00fcler der Deutschklasse der Jahrgangsstufen 3 und 4 beteiligten sich an einem Kreativ-Wettbewerb der Firma Huber SE, einem weltweit agierenden Unternehmen mit 1500 Mitarbeitern im Bereich der Wasseraufbereitung und Abwasserreinigung mit Sitz in Erasbach bei Berching.<\/p>\n<p>Die Sch\u00fcler sollten \u00a0hierf\u00fcr selbst kreierte Beitr\u00e4ge zum Thema Wasser liefern. Die Kinder gestalteten ein Plakat, auf dem ersichtlich war, wie sie die Wasserversorgung und auch die sanit\u00e4ren Verh\u00e4ltnisse in ihren Herkunftsl\u00e4ndern wahrgenommen hatten. Die Sch\u00fcler zeigten z.B., dass bei Bombenangriffen in Syrien die Wasserversorgung\u00a0 innerhalb\u00a0 der H\u00e4user nicht mehr funktionierte und sie Trinkwasser mit Kanistern holen mussten oder auch, dass sanit\u00e4re Einrichtungen in rum\u00e4nischen D\u00f6rfern ganz und gar nicht dem deutschen Standard entsprachen. Das von den Kindern mit beschrifteten Wassertropfen gestaltete Plakat beeindruckte die Jury der Firma Huber so sehr, dass sie zu einem der vier Hauptgewinner machte, f\u00fcr die die Firma eine selbst gew\u00e4hlte Klassenfahrt (Fahrtkosten und Eintritt) sponsert. Im Rahmen eines Ausbildungstages am Samstag, den 20.Juli 2019 wurde der Preis \u00fcbergeben. Die Kinder w\u00fcnschten sich schon lange einen Besuch auf einem Erlebnisbauernhof und so mussten die gl\u00fccklichen Gewinner nicht lange \u00fcberlegen, was das Ziel der Klassenfahrt sein wird &#8211; der Erlebnisbauernhof in Neuhaid bei Lupburg! Wir danken der Firma Huber SE, dass der lang gehegte Wunsch unserer Kinder der Deutschklasse erf\u00fcllt werden konnte! Vielen Dank! (rp)<\/p>\n\n\t\t<style>\n\t\t\t#gallery-1 {\n\t\t\t\tmargin: auto;\n\t\t\t}\n\t\t\t#gallery-1 .gallery-item {\n\t\t\t\tfloat: left;\n\t\t\t\tmargin-top: 10px;\n\t\t\t\ttext-align: center;\n\t\t\t\twidth: 33%;\n\t\t\t}\n\t\t\t#gallery-1 img {\n\t\t\t\tborder: 2px solid #cfcfcf;\n\t\t\t}\n\t\t\t#gallery-1 .gallery-caption {\n\t\t\t\tmargin-left: 0;\n\t\t\t}\n\t\t\t\/* see gallery_shortcode() in wp-includes\/media.php *\/\n\t\t<\/style>\n\t\t<div id='gallery-1' class='gallery galleryid-17173 gallery-columns-3 gallery-size-thumbnail'><dl class='gallery-item'>\n\t\t\t<dt class='gallery-icon landscape'>\n\t\t\t\t<a href='https:\/\/www.vs-seubersdorf.de\/schulpage\/wp-content\/uploads\/2019\/07\/Kreativwettbewerb-1.jpg'><img width=\"300\" height=\"300\" src=\"https:\/\/www.vs-seubersdorf.de\/schulpage\/wp-content\/uploads\/2019\/07\/Kreativwettbewerb-1-300x300.jpg\" class=\"attachment-thumbnail size-thumbnail\" alt=\"\" decoding=\"async\" loading=\"lazy\" srcset=\"https:\/\/www.vs-seubersdorf.de\/schulpage\/wp-content\/uploads\/2019\/07\/Kreativwettbewerb-1-300x300.jpg 300w, https:\/\/www.vs-seubersdorf.de\/schulpage\/wp-content\/uploads\/2019\/07\/Kreativwettbewerb-1-160x160.jpg 160w, https:\/\/www.vs-seubersdorf.de\/schulpage\/wp-content\/uploads\/2019\/07\/Kreativwettbewerb-1-320x320.jpg 320w\" sizes=\"(max-width: 300px) 100vw, 300px\" \/><\/a>\n\t\t\t<\/dt><\/dl><dl class='gallery-item'>\n\t\t\t<dt class='gallery-icon landscape'>\n\t\t\t\t<a href='https:\/\/www.vs-seubersdorf.de\/schulpage\/wp-content\/uploads\/2019\/07\/Kreativwettbewerb-2.jpg'><img width=\"300\" height=\"300\" src=\"https:\/\/www.vs-seubersdorf.de\/schulpage\/wp-content\/uploads\/2019\/07\/Kreativwettbewerb-2-300x300.jpg\" class=\"attachment-thumbnail size-thumbnail\" alt=\"\" decoding=\"async\" loading=\"lazy\" srcset=\"https:\/\/www.vs-seubersdorf.de\/schulpage\/wp-content\/uploads\/2019\/07\/Kreativwettbewerb-2-300x300.jpg 300w, https:\/\/www.vs-seubersdorf.de\/schulpage\/wp-content\/uploads\/2019\/07\/Kreativwettbewerb-2-160x160.jpg 160w, https:\/\/www.vs-seubersdorf.de\/schulpage\/wp-content\/uploads\/2019\/07\/Kreativwettbewerb-2-320x320.jpg 320w\" sizes=\"(max-width: 300px) 100vw, 300px\" \/><\/a>\n\t\t\t<\/dt><\/dl><dl class='gallery-item'>\n\t\t\t<dt class='gallery-icon landscape'>\n\t\t\t\t<a href='https:\/\/www.vs-seubersdorf.de\/schulpage\/wp-content\/uploads\/2019\/07\/Kreativwettbewerb-3.jpg'><img width=\"300\" height=\"300\" src=\"https:\/\/www.vs-seubersdorf.de\/schulpage\/wp-content\/uploads\/2019\/07\/Kreativwettbewerb-3-300x300.jpg\" class=\"attachment-thumbnail size-thumbnail\" alt=\"\" decoding=\"async\" loading=\"lazy\" srcset=\"https:\/\/www.vs-seubersdorf.de\/schulpage\/wp-content\/uploads\/2019\/07\/Kreativwettbewerb-3-300x300.jpg 300w, https:\/\/www.vs-seubersdorf.de\/schulpage\/wp-content\/uploads\/2019\/07\/Kreativwettbewerb-3-160x160.jpg 160w, https:\/\/www.vs-seubersdorf.de\/schulpage\/wp-content\/uploads\/2019\/07\/Kreativwettbewerb-3-320x320.jpg 320w\" sizes=\"(max-width: 300px) 100vw, 300px\" \/><\/a>\n\t\t\t<\/dt><\/dl><br style=\"clear: both\" \/>\n\t\t<\/div>\n\n<p>&nbsp;<\/p>\n<p>&nbsp;<\/p>\n","protected":false},"excerpt":{"rendered":"<p>Die Sch\u00fcler der Deutschklasse der Jahrgangsstufen 3 und 4 beteiligten sich an einem Kreativ-Wettbewerb der Firma Huber SE, einem weltweit&#46;&#46;&#46;<\/p>\n","protected":false},"author":2,"featured_media":17176,"comment_status":"closed","ping_status":"closed","sticky":false,"template":"","format":"image","meta":{"footnotes":""},"categories":[7,36],"tags":[],"_links":{"self":[{"href":"https:\/\/www.vs-seubersdorf.de\/schulpage\/index.php?rest_route=\/wp\/v2\/posts\/17173"}],"collection":[{"href":"https:\/\/www.vs-seubersdorf.de\/schulpage\/index.php?rest_route=\/wp\/v2\/posts"}],"about":[{"href":"https:\/\/www.vs-seubersdorf.de\/schulpage\/index.php?rest_route=\/wp\/v2\/types\/post"}],"author":[{"embeddable":true,"href":"https:\/\/www.vs-seubersdorf.de\/schulpage\/index.php?rest_route=\/wp\/v2\/users\/2"}],"replies":[{"embeddable":true,"href":"https:\/\/www.vs-seubersdorf.de\/schulpage\/index.php?rest_route=%2Fwp%2Fv2%2Fcomments&post=17173"}],"version-history":[{"count":0,"href":"https:\/\/www.vs-seubersdorf.de\/schulpage\/index.php?rest_route=\/wp\/v2\/posts\/17173\/revisions"}],"wp:featuredmedia":[{"embeddable":true,"href":"https:\/\/www.vs-seubersdorf.de\/schulpage\/index.php?rest_route=\/wp\/v2\/media\/17176"}],"wp:attachment":[{"href":"https:\/\/www.vs-seubersdorf.de\/schulpage\/index.php?rest_route=%2Fwp%2Fv2%2Fmedia&parent=17173"}],"wp:term":[{"taxonomy":"category","embeddable":true,"href":"https:\/\/www.vs-seubersdorf.de\/schulpage\/index.php?rest_route=%2Fwp%2Fv2%2Fcategories&post=17173"},{"taxonomy":"post_tag","embeddable":true,"href":"https:\/\/www.vs-seubersdorf.de\/schulpage\/index.php?rest_route=%2Fwp%2Fv2%2Ftags&post=17173"}],"curies":[{"name":"wp","href":"https:\/\/api.w.org\/{rel}","templated":true}]}}