{"id":16710,"date":"2019-02-16T16:57:58","date_gmt":"2019-02-16T15:57:58","guid":{"rendered":"https:\/\/www.vs-seubersdorf.de\/schulpage\/?p=16710"},"modified":"2019-02-16T16:57:58","modified_gmt":"2019-02-16T15:57:58","slug":"happy-birthday-lieber-rektor","status":"publish","type":"post","link":"https:\/\/www.vs-seubersdorf.de\/schulpage\/?p=16710","title":{"rendered":"Happy  Birthday, lieber Rektor"},"content":{"rendered":"<p>Zum 65. Geburtstag von Rektor Karl Staudinger \u00fcberraschte die SMV der Mittelschule Seubersdorf sowie die Klassensprecher der 1. bis 4. Klassen ihren Schulleiter mit einem Geburtstagsst\u00e4ndchen in der Aula. Musikalisch begleitet wurden sie von den Akkordeonspielern Maximilian Wiegard und Simon Wildmann, beide M8a. Die einzeln \u00fcberreichten Tulpen bildeten schlie\u00dflich einen riesigen Strau\u00df mit Fr\u00fchlingsbl\u00fcten. Herr Staudinger bedankte sich im Gegenzug mit zwei Tabletts mit Schokok\u00fcssen, die gro\u00dfen Anklang fanden bei den Sch\u00fcler*innen. (dl)<\/p>\n\n\t\t<style>\n\t\t\t#gallery-1 {\n\t\t\t\tmargin: auto;\n\t\t\t}\n\t\t\t#gallery-1 .gallery-item {\n\t\t\t\tfloat: left;\n\t\t\t\tmargin-top: 10px;\n\t\t\t\ttext-align: center;\n\t\t\t\twidth: 33%;\n\t\t\t}\n\t\t\t#gallery-1 img {\n\t\t\t\tborder: 2px solid #cfcfcf;\n\t\t\t}\n\t\t\t#gallery-1 .gallery-caption {\n\t\t\t\tmargin-left: 0;\n\t\t\t}\n\t\t\t\/* see gallery_shortcode() in wp-includes\/media.php *\/\n\t\t<\/style>\n\t\t<div id='gallery-1' class='gallery galleryid-16710 gallery-columns-3 gallery-size-thumbnail'><dl class='gallery-item'>\n\t\t\t<dt class='gallery-icon portrait'>\n\t\t\t\t<a href='https:\/\/www.vs-seubersdorf.de\/schulpage\/wp-content\/uploads\/2019\/02\/Geburtstagsw\u00fcnsche-1.jpg'><img width=\"300\" height=\"300\" src=\"https:\/\/www.vs-seubersdorf.de\/schulpage\/wp-content\/uploads\/2019\/02\/Geburtstagsw\u00fcnsche-1-300x300.jpg\" class=\"attachment-thumbnail size-thumbnail\" alt=\"\" decoding=\"async\" loading=\"lazy\" srcset=\"https:\/\/www.vs-seubersdorf.de\/schulpage\/wp-content\/uploads\/2019\/02\/Geburtstagsw\u00fcnsche-1-300x300.jpg 300w, https:\/\/www.vs-seubersdorf.de\/schulpage\/wp-content\/uploads\/2019\/02\/Geburtstagsw\u00fcnsche-1-160x160.jpg 160w, https:\/\/www.vs-seubersdorf.de\/schulpage\/wp-content\/uploads\/2019\/02\/Geburtstagsw\u00fcnsche-1-320x320.jpg 320w\" sizes=\"(max-width: 300px) 100vw, 300px\" \/><\/a>\n\t\t\t<\/dt><\/dl><dl class='gallery-item'>\n\t\t\t<dt class='gallery-icon portrait'>\n\t\t\t\t<a href='https:\/\/www.vs-seubersdorf.de\/schulpage\/wp-content\/uploads\/2019\/02\/Geburtstagsw\u00fcnsche-2.jpg'><img width=\"300\" height=\"300\" src=\"https:\/\/www.vs-seubersdorf.de\/schulpage\/wp-content\/uploads\/2019\/02\/Geburtstagsw\u00fcnsche-2-300x300.jpg\" class=\"attachment-thumbnail size-thumbnail\" alt=\"\" decoding=\"async\" loading=\"lazy\" srcset=\"https:\/\/www.vs-seubersdorf.de\/schulpage\/wp-content\/uploads\/2019\/02\/Geburtstagsw\u00fcnsche-2-300x300.jpg 300w, https:\/\/www.vs-seubersdorf.de\/schulpage\/wp-content\/uploads\/2019\/02\/Geburtstagsw\u00fcnsche-2-160x160.jpg 160w, https:\/\/www.vs-seubersdorf.de\/schulpage\/wp-content\/uploads\/2019\/02\/Geburtstagsw\u00fcnsche-2-320x320.jpg 320w\" sizes=\"(max-width: 300px) 100vw, 300px\" \/><\/a>\n\t\t\t<\/dt><\/dl><dl class='gallery-item'>\n\t\t\t<dt class='gallery-icon portrait'>\n\t\t\t\t<a href='https:\/\/www.vs-seubersdorf.de\/schulpage\/wp-content\/uploads\/2019\/02\/Geburtstagsw\u00fcnsche-3.jpg'><img width=\"300\" height=\"300\" src=\"https:\/\/www.vs-seubersdorf.de\/schulpage\/wp-content\/uploads\/2019\/02\/Geburtstagsw\u00fcnsche-3-300x300.jpg\" class=\"attachment-thumbnail size-thumbnail\" alt=\"\" decoding=\"async\" loading=\"lazy\" srcset=\"https:\/\/www.vs-seubersdorf.de\/schulpage\/wp-content\/uploads\/2019\/02\/Geburtstagsw\u00fcnsche-3-300x300.jpg 300w, https:\/\/www.vs-seubersdorf.de\/schulpage\/wp-content\/uploads\/2019\/02\/Geburtstagsw\u00fcnsche-3-160x160.jpg 160w, https:\/\/www.vs-seubersdorf.de\/schulpage\/wp-content\/uploads\/2019\/02\/Geburtstagsw\u00fcnsche-3-320x320.jpg 320w\" sizes=\"(max-width: 300px) 100vw, 300px\" \/><\/a>\n\t\t\t<\/dt><\/dl><br style=\"clear: both\" \/>\n\t\t<\/div>\n\n<p>&nbsp;<\/p>\n","protected":false},"excerpt":{"rendered":"<p>Zum 65. Geburtstag von Rektor Karl Staudinger \u00fcberraschte die SMV der Mittelschule Seubersdorf sowie die Klassensprecher der 1. bis 4.&#46;&#46;&#46;<\/p>\n","protected":false},"author":2,"featured_media":16714,"comment_status":"closed","ping_status":"closed","sticky":false,"template":"","format":"image","meta":{"footnotes":""},"categories":[3,9],"tags":[],"_links":{"self":[{"href":"https:\/\/www.vs-seubersdorf.de\/schulpage\/index.php?rest_route=\/wp\/v2\/posts\/16710"}],"collection":[{"href":"https:\/\/www.vs-seubersdorf.de\/schulpage\/index.php?rest_route=\/wp\/v2\/posts"}],"about":[{"href":"https:\/\/www.vs-seubersdorf.de\/schulpage\/index.php?rest_route=\/wp\/v2\/types\/post"}],"author":[{"embeddable":true,"href":"https:\/\/www.vs-seubersdorf.de\/schulpage\/index.php?rest_route=\/wp\/v2\/users\/2"}],"replies":[{"embeddable":true,"href":"https:\/\/www.vs-seubersdorf.de\/schulpage\/index.php?rest_route=%2Fwp%2Fv2%2Fcomments&post=16710"}],"version-history":[{"count":0,"href":"https:\/\/www.vs-seubersdorf.de\/schulpage\/index.php?rest_route=\/wp\/v2\/posts\/16710\/revisions"}],"wp:featuredmedia":[{"embeddable":true,"href":"https:\/\/www.vs-seubersdorf.de\/schulpage\/index.php?rest_route=\/wp\/v2\/media\/16714"}],"wp:attachment":[{"href":"https:\/\/www.vs-seubersdorf.de\/schulpage\/index.php?rest_route=%2Fwp%2Fv2%2Fmedia&parent=16710"}],"wp:term":[{"taxonomy":"category","embeddable":true,"href":"https:\/\/www.vs-seubersdorf.de\/schulpage\/index.php?rest_route=%2Fwp%2Fv2%2Fcategories&post=16710"},{"taxonomy":"post_tag","embeddable":true,"href":"https:\/\/www.vs-seubersdorf.de\/schulpage\/index.php?rest_route=%2Fwp%2Fv2%2Ftags&post=16710"}],"curies":[{"name":"wp","href":"https:\/\/api.w.org\/{rel}","templated":true}]}}