{"id":16531,"date":"2018-11-14T17:12:24","date_gmt":"2018-11-14T16:12:24","guid":{"rendered":"https:\/\/www.vs-seubersdorf.de\/schulpage\/?p=16531"},"modified":"2018-11-19T11:15:30","modified_gmt":"2018-11-19T10:15:30","slug":"wir-feiern-bayern-100-jahre-freistaat","status":"publish","type":"post","link":"https:\/\/www.vs-seubersdorf.de\/schulpage\/?p=16531","title":{"rendered":"&#8222;Wir feiern Bayern!&#8220; \u2013 100 Jahre Freistaat"},"content":{"rendered":"<p>Das war schon ein ganz besonderer Schultag f\u00fcr die 290 Sch\u00fcler der Grund- und Mittelschule Seubersdorf! Mit ihren Lehrkr\u00e4ften und den Elternbeir\u00e4ten wurde \u201e100 Jahre Freistaat Bayern\u201c gefeiert! Am Projekttag gab es in den jeweiligen Klassen Aufgaben zu verschieden Bereichen: Im Fach Geschichte wurden die Hintergr\u00fcnde der Revolution vom 7.\/8. November 1918 beleuchtet, die Ausrufung des Freistaates Bayern durch Kurt Eisner und die demokratischen Rechte f\u00fcr die B\u00fcrger besprochen. Im Fach Geographie besch\u00e4ftigten sich die\u00a0 Sch\u00fclerinnen und Sch\u00fcler mit dem Heimatlandkreis Neumarkt und lernten die Regierungsbezirke des Freistaates Bayern kennen. Besonderes Interesse galt dabei m\u00f6glichen Zielen f\u00fcr Familienausfl\u00fcge, die ber\u00fchmten Schl\u00f6sser von K\u00f6nig Ludwig II. durften da nat\u00fcrlich nicht fehlen. Aber auch R\u00e4tsel zum bayerischen Dialekt\u00a0 und Schafkopfregeln f\u00fcr Anf\u00e4nger wurden erkl\u00e4rt, Sketche im bayerischen Dialekt einstudiert und mit viel Spa\u00df ein bayerischer Tanz gelernt! Ein toller Tag, den die Sch\u00fclerinnen und Sch\u00fcler und die Lehrkr\u00e4fte auch dadurch bereicherten, dass viele in bayerischer Tracht in die Schule gekommen waren. Das Highlight des Tages war ein Buffet mit bayerischen Schmankerln, das die Elternbeir\u00e4te der Grund- und Mittelschule angerichtet hatten! Daf\u00fcr einen besonderen Dank an alle Helferinnen und Helfer! (ks)<\/p>\n<p style=\"text-align: center;\"><a href=\"https:\/\/www.vs-seubersdorf.de\/schulpage\/wp-content\/uploads\/2018\/11\/2018.13_Nov.-100-Jahre-Freistaat-Bayern.pdf\" target=\"_blank\" rel=\"noopener\"><strong>A<\/strong><strong>rtikel im Neumarkter Tagblatt vom 13.11.2018<\/strong><\/a><\/p>\n\n\t\t<style>\n\t\t\t#gallery-1 {\n\t\t\t\tmargin: auto;\n\t\t\t}\n\t\t\t#gallery-1 .gallery-item {\n\t\t\t\tfloat: left;\n\t\t\t\tmargin-top: 10px;\n\t\t\t\ttext-align: center;\n\t\t\t\twidth: 33%;\n\t\t\t}\n\t\t\t#gallery-1 img {\n\t\t\t\tborder: 2px solid #cfcfcf;\n\t\t\t}\n\t\t\t#gallery-1 .gallery-caption {\n\t\t\t\tmargin-left: 0;\n\t\t\t}\n\t\t\t\/* see gallery_shortcode() in wp-includes\/media.php *\/\n\t\t<\/style>\n\t\t<div id='gallery-1' class='gallery galleryid-16531 gallery-columns-3 gallery-size-thumbnail'><dl class='gallery-item'>\n\t\t\t<dt class='gallery-icon landscape'>\n\t\t\t\t<a href='https:\/\/www.vs-seubersdorf.de\/schulpage\/wp-content\/uploads\/2018\/11\/Wir-feiern-Bayern-01.jpg'><img width=\"300\" height=\"300\" src=\"https:\/\/www.vs-seubersdorf.de\/schulpage\/wp-content\/uploads\/2018\/11\/Wir-feiern-Bayern-01-300x300.jpg\" class=\"attachment-thumbnail size-thumbnail\" alt=\"\" decoding=\"async\" loading=\"lazy\" srcset=\"https:\/\/www.vs-seubersdorf.de\/schulpage\/wp-content\/uploads\/2018\/11\/Wir-feiern-Bayern-01-300x300.jpg 300w, https:\/\/www.vs-seubersdorf.de\/schulpage\/wp-content\/uploads\/2018\/11\/Wir-feiern-Bayern-01-160x160.jpg 160w, https:\/\/www.vs-seubersdorf.de\/schulpage\/wp-content\/uploads\/2018\/11\/Wir-feiern-Bayern-01-320x320.jpg 320w\" sizes=\"(max-width: 300px) 100vw, 300px\" \/><\/a>\n\t\t\t<\/dt><\/dl><dl class='gallery-item'>\n\t\t\t<dt class='gallery-icon landscape'>\n\t\t\t\t<a href='https:\/\/www.vs-seubersdorf.de\/schulpage\/wp-content\/uploads\/2018\/11\/Volkstanz-1.jpg'><img width=\"300\" height=\"300\" src=\"https:\/\/www.vs-seubersdorf.de\/schulpage\/wp-content\/uploads\/2018\/11\/Volkstanz-1-300x300.jpg\" class=\"attachment-thumbnail size-thumbnail\" alt=\"\" decoding=\"async\" loading=\"lazy\" srcset=\"https:\/\/www.vs-seubersdorf.de\/schulpage\/wp-content\/uploads\/2018\/11\/Volkstanz-1-300x300.jpg 300w, https:\/\/www.vs-seubersdorf.de\/schulpage\/wp-content\/uploads\/2018\/11\/Volkstanz-1-160x160.jpg 160w, https:\/\/www.vs-seubersdorf.de\/schulpage\/wp-content\/uploads\/2018\/11\/Volkstanz-1-320x320.jpg 320w\" sizes=\"(max-width: 300px) 100vw, 300px\" \/><\/a>\n\t\t\t<\/dt><\/dl><dl class='gallery-item'>\n\t\t\t<dt class='gallery-icon landscape'>\n\t\t\t\t<a href='https:\/\/www.vs-seubersdorf.de\/schulpage\/wp-content\/uploads\/2018\/11\/Bayerisches-Buffet.jpg'><img width=\"300\" height=\"300\" src=\"https:\/\/www.vs-seubersdorf.de\/schulpage\/wp-content\/uploads\/2018\/11\/Bayerisches-Buffet-300x300.jpg\" class=\"attachment-thumbnail size-thumbnail\" alt=\"\" decoding=\"async\" loading=\"lazy\" srcset=\"https:\/\/www.vs-seubersdorf.de\/schulpage\/wp-content\/uploads\/2018\/11\/Bayerisches-Buffet-300x300.jpg 300w, https:\/\/www.vs-seubersdorf.de\/schulpage\/wp-content\/uploads\/2018\/11\/Bayerisches-Buffet-160x160.jpg 160w, https:\/\/www.vs-seubersdorf.de\/schulpage\/wp-content\/uploads\/2018\/11\/Bayerisches-Buffet-320x320.jpg 320w\" sizes=\"(max-width: 300px) 100vw, 300px\" \/><\/a>\n\t\t\t<\/dt><\/dl><br style=\"clear: both\" \/><dl class='gallery-item'>\n\t\t\t<dt class='gallery-icon landscape'>\n\t\t\t\t<a href='https:\/\/www.vs-seubersdorf.de\/schulpage\/wp-content\/uploads\/2018\/11\/Wir-feiern-Bayern-02.jpg'><img width=\"300\" height=\"300\" src=\"https:\/\/www.vs-seubersdorf.de\/schulpage\/wp-content\/uploads\/2018\/11\/Wir-feiern-Bayern-02-300x300.jpg\" class=\"attachment-thumbnail size-thumbnail\" alt=\"\" decoding=\"async\" loading=\"lazy\" srcset=\"https:\/\/www.vs-seubersdorf.de\/schulpage\/wp-content\/uploads\/2018\/11\/Wir-feiern-Bayern-02-300x300.jpg 300w, https:\/\/www.vs-seubersdorf.de\/schulpage\/wp-content\/uploads\/2018\/11\/Wir-feiern-Bayern-02-160x160.jpg 160w, https:\/\/www.vs-seubersdorf.de\/schulpage\/wp-content\/uploads\/2018\/11\/Wir-feiern-Bayern-02-320x320.jpg 320w\" sizes=\"(max-width: 300px) 100vw, 300px\" \/><\/a>\n\t\t\t<\/dt><\/dl><dl class='gallery-item'>\n\t\t\t<dt class='gallery-icon landscape'>\n\t\t\t\t<a href='https:\/\/www.vs-seubersdorf.de\/schulpage\/wp-content\/uploads\/2018\/11\/Wir-feiern-Bayern-03.jpg'><img width=\"300\" height=\"300\" src=\"https:\/\/www.vs-seubersdorf.de\/schulpage\/wp-content\/uploads\/2018\/11\/Wir-feiern-Bayern-03-300x300.jpg\" class=\"attachment-thumbnail size-thumbnail\" alt=\"\" decoding=\"async\" loading=\"lazy\" srcset=\"https:\/\/www.vs-seubersdorf.de\/schulpage\/wp-content\/uploads\/2018\/11\/Wir-feiern-Bayern-03-300x300.jpg 300w, https:\/\/www.vs-seubersdorf.de\/schulpage\/wp-content\/uploads\/2018\/11\/Wir-feiern-Bayern-03-160x160.jpg 160w, https:\/\/www.vs-seubersdorf.de\/schulpage\/wp-content\/uploads\/2018\/11\/Wir-feiern-Bayern-03-320x320.jpg 320w\" sizes=\"(max-width: 300px) 100vw, 300px\" \/><\/a>\n\t\t\t<\/dt><\/dl><dl class='gallery-item'>\n\t\t\t<dt class='gallery-icon landscape'>\n\t\t\t\t<a href='https:\/\/www.vs-seubersdorf.de\/schulpage\/wp-content\/uploads\/2018\/11\/Wir-feiern-Bayern-04.jpg'><img width=\"300\" height=\"300\" src=\"https:\/\/www.vs-seubersdorf.de\/schulpage\/wp-content\/uploads\/2018\/11\/Wir-feiern-Bayern-04-300x300.jpg\" class=\"attachment-thumbnail size-thumbnail\" alt=\"\" decoding=\"async\" loading=\"lazy\" srcset=\"https:\/\/www.vs-seubersdorf.de\/schulpage\/wp-content\/uploads\/2018\/11\/Wir-feiern-Bayern-04-300x300.jpg 300w, https:\/\/www.vs-seubersdorf.de\/schulpage\/wp-content\/uploads\/2018\/11\/Wir-feiern-Bayern-04-160x160.jpg 160w, https:\/\/www.vs-seubersdorf.de\/schulpage\/wp-content\/uploads\/2018\/11\/Wir-feiern-Bayern-04-320x320.jpg 320w\" sizes=\"(max-width: 300px) 100vw, 300px\" \/><\/a>\n\t\t\t<\/dt><\/dl><br style=\"clear: both\" \/><dl class='gallery-item'>\n\t\t\t<dt class='gallery-icon landscape'>\n\t\t\t\t<a href='https:\/\/www.vs-seubersdorf.de\/schulpage\/wp-content\/uploads\/2018\/11\/Wir-feiern-Bayern-05.jpg'><img width=\"300\" height=\"300\" src=\"https:\/\/www.vs-seubersdorf.de\/schulpage\/wp-content\/uploads\/2018\/11\/Wir-feiern-Bayern-05-300x300.jpg\" class=\"attachment-thumbnail size-thumbnail\" alt=\"\" decoding=\"async\" loading=\"lazy\" srcset=\"https:\/\/www.vs-seubersdorf.de\/schulpage\/wp-content\/uploads\/2018\/11\/Wir-feiern-Bayern-05-300x300.jpg 300w, https:\/\/www.vs-seubersdorf.de\/schulpage\/wp-content\/uploads\/2018\/11\/Wir-feiern-Bayern-05-160x160.jpg 160w, https:\/\/www.vs-seubersdorf.de\/schulpage\/wp-content\/uploads\/2018\/11\/Wir-feiern-Bayern-05-320x320.jpg 320w\" sizes=\"(max-width: 300px) 100vw, 300px\" \/><\/a>\n\t\t\t<\/dt><\/dl><dl class='gallery-item'>\n\t\t\t<dt class='gallery-icon landscape'>\n\t\t\t\t<a href='https:\/\/www.vs-seubersdorf.de\/schulpage\/wp-content\/uploads\/2018\/11\/Wir-feiern-Bayern-06.jpg'><img width=\"300\" height=\"300\" src=\"https:\/\/www.vs-seubersdorf.de\/schulpage\/wp-content\/uploads\/2018\/11\/Wir-feiern-Bayern-06-300x300.jpg\" class=\"attachment-thumbnail size-thumbnail\" alt=\"\" decoding=\"async\" loading=\"lazy\" srcset=\"https:\/\/www.vs-seubersdorf.de\/schulpage\/wp-content\/uploads\/2018\/11\/Wir-feiern-Bayern-06-300x300.jpg 300w, https:\/\/www.vs-seubersdorf.de\/schulpage\/wp-content\/uploads\/2018\/11\/Wir-feiern-Bayern-06-160x160.jpg 160w, https:\/\/www.vs-seubersdorf.de\/schulpage\/wp-content\/uploads\/2018\/11\/Wir-feiern-Bayern-06-320x320.jpg 320w\" sizes=\"(max-width: 300px) 100vw, 300px\" \/><\/a>\n\t\t\t<\/dt><\/dl><dl class='gallery-item'>\n\t\t\t<dt class='gallery-icon landscape'>\n\t\t\t\t<a href='https:\/\/www.vs-seubersdorf.de\/schulpage\/wp-content\/uploads\/2018\/11\/Wir-feiern-Bayern-07.jpg'><img width=\"300\" height=\"300\" src=\"https:\/\/www.vs-seubersdorf.de\/schulpage\/wp-content\/uploads\/2018\/11\/Wir-feiern-Bayern-07-300x300.jpg\" class=\"attachment-thumbnail size-thumbnail\" alt=\"\" decoding=\"async\" loading=\"lazy\" srcset=\"https:\/\/www.vs-seubersdorf.de\/schulpage\/wp-content\/uploads\/2018\/11\/Wir-feiern-Bayern-07-300x300.jpg 300w, https:\/\/www.vs-seubersdorf.de\/schulpage\/wp-content\/uploads\/2018\/11\/Wir-feiern-Bayern-07-160x160.jpg 160w, https:\/\/www.vs-seubersdorf.de\/schulpage\/wp-content\/uploads\/2018\/11\/Wir-feiern-Bayern-07-320x320.jpg 320w\" sizes=\"(max-width: 300px) 100vw, 300px\" \/><\/a>\n\t\t\t<\/dt><\/dl><br style=\"clear: both\" \/><dl class='gallery-item'>\n\t\t\t<dt class='gallery-icon landscape'>\n\t\t\t\t<a href='https:\/\/www.vs-seubersdorf.de\/schulpage\/wp-content\/uploads\/2018\/11\/Wir-feiern-Bayern-08.jpg'><img width=\"300\" height=\"300\" src=\"https:\/\/www.vs-seubersdorf.de\/schulpage\/wp-content\/uploads\/2018\/11\/Wir-feiern-Bayern-08-300x300.jpg\" class=\"attachment-thumbnail size-thumbnail\" alt=\"\" decoding=\"async\" loading=\"lazy\" srcset=\"https:\/\/www.vs-seubersdorf.de\/schulpage\/wp-content\/uploads\/2018\/11\/Wir-feiern-Bayern-08-300x300.jpg 300w, https:\/\/www.vs-seubersdorf.de\/schulpage\/wp-content\/uploads\/2018\/11\/Wir-feiern-Bayern-08-160x160.jpg 160w, https:\/\/www.vs-seubersdorf.de\/schulpage\/wp-content\/uploads\/2018\/11\/Wir-feiern-Bayern-08-320x320.jpg 320w\" sizes=\"(max-width: 300px) 100vw, 300px\" \/><\/a>\n\t\t\t<\/dt><\/dl><dl class='gallery-item'>\n\t\t\t<dt class='gallery-icon portrait'>\n\t\t\t\t<a href='https:\/\/www.vs-seubersdorf.de\/schulpage\/wp-content\/uploads\/2018\/11\/Wir-feiern-Bayern-09.jpg'><img width=\"300\" height=\"300\" src=\"https:\/\/www.vs-seubersdorf.de\/schulpage\/wp-content\/uploads\/2018\/11\/Wir-feiern-Bayern-09-300x300.jpg\" class=\"attachment-thumbnail size-thumbnail\" alt=\"\" decoding=\"async\" loading=\"lazy\" srcset=\"https:\/\/www.vs-seubersdorf.de\/schulpage\/wp-content\/uploads\/2018\/11\/Wir-feiern-Bayern-09-300x300.jpg 300w, https:\/\/www.vs-seubersdorf.de\/schulpage\/wp-content\/uploads\/2018\/11\/Wir-feiern-Bayern-09-160x160.jpg 160w, https:\/\/www.vs-seubersdorf.de\/schulpage\/wp-content\/uploads\/2018\/11\/Wir-feiern-Bayern-09-320x320.jpg 320w\" sizes=\"(max-width: 300px) 100vw, 300px\" \/><\/a>\n\t\t\t<\/dt><\/dl><dl class='gallery-item'>\n\t\t\t<dt class='gallery-icon landscape'>\n\t\t\t\t<a href='https:\/\/www.vs-seubersdorf.de\/schulpage\/wp-content\/uploads\/2018\/11\/GRuppenbild.jpg'><img width=\"300\" height=\"300\" src=\"https:\/\/www.vs-seubersdorf.de\/schulpage\/wp-content\/uploads\/2018\/11\/GRuppenbild-300x300.jpg\" class=\"attachment-thumbnail size-thumbnail\" alt=\"\" decoding=\"async\" loading=\"lazy\" srcset=\"https:\/\/www.vs-seubersdorf.de\/schulpage\/wp-content\/uploads\/2018\/11\/GRuppenbild-300x300.jpg 300w, https:\/\/www.vs-seubersdorf.de\/schulpage\/wp-content\/uploads\/2018\/11\/GRuppenbild-160x160.jpg 160w, https:\/\/www.vs-seubersdorf.de\/schulpage\/wp-content\/uploads\/2018\/11\/GRuppenbild-320x320.jpg 320w\" sizes=\"(max-width: 300px) 100vw, 300px\" \/><\/a>\n\t\t\t<\/dt><\/dl><br style=\"clear: both\" \/>\n\t\t<\/div>\n\n<p style=\"text-align: center;\">\n","protected":false},"excerpt":{"rendered":"<p>Das war schon ein ganz besonderer Schultag f\u00fcr die 290 Sch\u00fcler der Grund- und Mittelschule Seubersdorf! Mit ihren Lehrkr\u00e4ften und&#46;&#46;&#46;<\/p>\n","protected":false},"author":2,"featured_media":16545,"comment_status":"closed","ping_status":"closed","sticky":false,"template":"","format":"image","meta":{"footnotes":""},"categories":[61,4,7,3],"tags":[],"_links":{"self":[{"href":"https:\/\/www.vs-seubersdorf.de\/schulpage\/index.php?rest_route=\/wp\/v2\/posts\/16531"}],"collection":[{"href":"https:\/\/www.vs-seubersdorf.de\/schulpage\/index.php?rest_route=\/wp\/v2\/posts"}],"about":[{"href":"https:\/\/www.vs-seubersdorf.de\/schulpage\/index.php?rest_route=\/wp\/v2\/types\/post"}],"author":[{"embeddable":true,"href":"https:\/\/www.vs-seubersdorf.de\/schulpage\/index.php?rest_route=\/wp\/v2\/users\/2"}],"replies":[{"embeddable":true,"href":"https:\/\/www.vs-seubersdorf.de\/schulpage\/index.php?rest_route=%2Fwp%2Fv2%2Fcomments&post=16531"}],"version-history":[{"count":0,"href":"https:\/\/www.vs-seubersdorf.de\/schulpage\/index.php?rest_route=\/wp\/v2\/posts\/16531\/revisions"}],"wp:featuredmedia":[{"embeddable":true,"href":"https:\/\/www.vs-seubersdorf.de\/schulpage\/index.php?rest_route=\/wp\/v2\/media\/16545"}],"wp:attachment":[{"href":"https:\/\/www.vs-seubersdorf.de\/schulpage\/index.php?rest_route=%2Fwp%2Fv2%2Fmedia&parent=16531"}],"wp:term":[{"taxonomy":"category","embeddable":true,"href":"https:\/\/www.vs-seubersdorf.de\/schulpage\/index.php?rest_route=%2Fwp%2Fv2%2Fcategories&post=16531"},{"taxonomy":"post_tag","embeddable":true,"href":"https:\/\/www.vs-seubersdorf.de\/schulpage\/index.php?rest_route=%2Fwp%2Fv2%2Ftags&post=16531"}],"curies":[{"name":"wp","href":"https:\/\/api.w.org\/{rel}","templated":true}]}}