{"id":16255,"date":"2018-07-23T14:36:21","date_gmt":"2018-07-23T13:36:21","guid":{"rendered":"https:\/\/www.vs-seubersdorf.de\/schulpage\/?p=16255"},"modified":"2018-07-27T09:18:19","modified_gmt":"2018-07-27T08:18:19","slug":"auszeichnung-an-der-regierung-in-regensburg","status":"publish","type":"post","link":"https:\/\/www.vs-seubersdorf.de\/schulpage\/?p=16255","title":{"rendered":"Auszeichnung an der Regierung in Regensburg"},"content":{"rendered":"<p>Eine Abordnung aus drei Sch\u00fclern der M7a und M7b durfte am 20. Juli gemeinsam mit ihren Klassenlehrern an der Regierung der Oberpfalz in Regensburg die Auszeichnung zur \u201aPartnerschule Verbraucherbildung\u2018 entgegennehmen. Die beiden Klassen hatten sich an einer Aktion des VerbraucherService Bayern beteiligt und im Unterricht f\u00e4cher\u00fcbergreifend die vorgegebenen Themen \u201aLebensmittel wertsch\u00e4tzen\u2018 und \u201aInternet mit K\u00f6pfchen\u2018 bearbeitet. F\u00fcr die daraus erwachsenen medialen Beitr\u00e4ge in Form eines Ratgebers zur Vermeidung von Lebensmittelabf\u00e4llen und einer Linkliste f\u00fcr Internetrecherchen erhielten sie im wundersch\u00f6nen Ambiente des Spiegelsaales der Regierung eine Urkunde. Kein Geringerer als der Regierungspr\u00e4sident der Oberpfalz Axel Bartelt pers\u00f6nlich lobte das Engagement mehrerer Schulen aus ganz Bayern, die dem Aufruf des VerbraucherService gefolgt waren und sich mit brisanten Fragen in Bezug auf unsere Konsumgesellschaft auseinandergesetzt haben. Er bekr\u00e4ftigte, wie wichtig es sei, dass junge Menschen Sensibilit\u00e4t f\u00fcr die Schattenseiten des Konsums entwickeln und verantwortungsbewusste Verbraucher werden. Das Programm \u201aPartnerschule Verbraucherbildung Bayern\u2018 ist ein gemeinsames Projekt des Bayerischen Verbraucherministeriums und des Bayerischen Kultusministeriums in Kooperation mit dem VerbraucherService Bayern. (ir)<\/p>\n<p style=\"text-align: center;\"><a href=\"https:\/\/www.verbraucherbildung.bayern.de\/schule\/schulprojekt\/index.htm\" target=\"_blank\" rel=\"noopener\"><img decoding=\"async\" loading=\"lazy\" class=\"alignnone wp-image-16074 size-full\" src=\"https:\/\/www.vs-seubersdorf.de\/schulpage\/wp-content\/uploads\/2018\/07\/Partnerschule-VB.jpg\" alt=\"\" width=\"630\" height=\"171\" \/><\/a><\/p>\n","protected":false},"excerpt":{"rendered":"<p>Eine Abordnung aus drei Sch\u00fclern der M7a und M7b durfte am 20. Juli gemeinsam mit ihren Klassenlehrern an der Regierung&#46;&#46;&#46;<\/p>\n","protected":false},"author":2,"featured_media":16256,"comment_status":"closed","ping_status":"closed","sticky":false,"template":"","format":"image","meta":{"footnotes":""},"categories":[4,7,3],"tags":[188,189],"_links":{"self":[{"href":"https:\/\/www.vs-seubersdorf.de\/schulpage\/index.php?rest_route=\/wp\/v2\/posts\/16255"}],"collection":[{"href":"https:\/\/www.vs-seubersdorf.de\/schulpage\/index.php?rest_route=\/wp\/v2\/posts"}],"about":[{"href":"https:\/\/www.vs-seubersdorf.de\/schulpage\/index.php?rest_route=\/wp\/v2\/types\/post"}],"author":[{"embeddable":true,"href":"https:\/\/www.vs-seubersdorf.de\/schulpage\/index.php?rest_route=\/wp\/v2\/users\/2"}],"replies":[{"embeddable":true,"href":"https:\/\/www.vs-seubersdorf.de\/schulpage\/index.php?rest_route=%2Fwp%2Fv2%2Fcomments&post=16255"}],"version-history":[{"count":0,"href":"https:\/\/www.vs-seubersdorf.de\/schulpage\/index.php?rest_route=\/wp\/v2\/posts\/16255\/revisions"}],"wp:featuredmedia":[{"embeddable":true,"href":"https:\/\/www.vs-seubersdorf.de\/schulpage\/index.php?rest_route=\/wp\/v2\/media\/16256"}],"wp:attachment":[{"href":"https:\/\/www.vs-seubersdorf.de\/schulpage\/index.php?rest_route=%2Fwp%2Fv2%2Fmedia&parent=16255"}],"wp:term":[{"taxonomy":"category","embeddable":true,"href":"https:\/\/www.vs-seubersdorf.de\/schulpage\/index.php?rest_route=%2Fwp%2Fv2%2Fcategories&post=16255"},{"taxonomy":"post_tag","embeddable":true,"href":"https:\/\/www.vs-seubersdorf.de\/schulpage\/index.php?rest_route=%2Fwp%2Fv2%2Ftags&post=16255"}],"curies":[{"name":"wp","href":"https:\/\/api.w.org\/{rel}","templated":true}]}}