{"id":15709,"date":"2018-03-10T18:58:17","date_gmt":"2018-03-10T17:58:17","guid":{"rendered":"http:\/\/www.vs-seubersdorf.de\/schulpage\/?p=15709"},"modified":"2018-03-12T17:07:10","modified_gmt":"2018-03-12T16:07:10","slug":"tueren-fuer-integration-in-seubersdorf-weit-geoeffnet","status":"publish","type":"post","link":"https:\/\/www.vs-seubersdorf.de\/schulpage\/?p=15709","title":{"rendered":"T\u00fcren f\u00fcr Integration in Seubersdorf weit ge\u00f6ffnet"},"content":{"rendered":"<p>Die Integration ausl\u00e4ndischer Sch\u00fcler ist ein sehr bedeutender Bestandteil der erzieherischen Arbeit an Schulen. Auch an der Seubersdorfer Schule besuchen Asylanten, insbesondere aus Syrien, und andere ausl\u00e4ndische Kinder den Unterricht. Deshalb initiierte die Klassenleiterin der \u00dcbergangsklasse, Frau Rosmarie P\u00f6ppl, ein Projekt, das den deutschen Kindern ihre Klassenkameraden aus anderen L\u00e4ndern n\u00e4herbringen sollte. Zun\u00e4chst erz\u00e4hlten die Kinder von ihren Heimatl\u00e4ndern. Den deutschen Kindern wurden anschlie\u00dfend z.B. arabische Zahlen oder auch Kinderspiele ihrer Heimat w\u00e4hrend der Pause gezeigt. Die deutschen Sch\u00fcler nahmen dieses Angebot sehr rege an und zeigten auch gro\u00dfes Interesse an den gestalteten Stellw\u00e4nden, auf denen z.B. Geldscheine oder auch Fotos aus der Heimat ihrer Klassenkameraden ausgestellt waren. Das Hauptaugenmerk wurde dann auf das Schicksal zweier syrischer Br\u00fcder gelegt, deren Vater \u00a0sehr viele Informationen und Bilder liefern konnte. So entwickelte sich die Idee, eine PowerPoint-Pr\u00e4sentation zu schaffen, die das Schicksal der syrischen Familie der gesamten Schulfamilie n\u00e4her bringen konnte. Darin wird die Geschichte vor dem Krieg, w\u00e4hrend des Krieges, bei der Flucht bis zur Ankunft in Deutschland nachgezeichnet. Dies wurde dann allen 16 Klassen der Grund- und Mittelschule Seubersdorf vorgef\u00fchrt. Die Sch\u00fcler zeigten sich \u00e4u\u00dferst interessiert, beeindruckt und auch betroffen. Ihnen wurde bewusst, dass die syrischen Kinder oft aus reichen Familien stammen und dass der Krieg ihr bisheriges Leben v\u00f6llig zerst\u00f6rte. Es wurde innerhalb der Klassen mit den jeweiligen Klassenleitern weitergesprochen und auch andere gefl\u00fcchtete Kinder brachten nun den Mut auf, von ihrem Schicksal in ihrer Klasse zu berichten. So zeigte sich sehr eindrucksvoll, dass Information eine grundlegende Voraussetzung f\u00fcr Empathie, Verst\u00e4ndnis, Transparenz und folglich Integration darstellt. Dies konnte anhand dieses Projekts eindrucksvoll gezeigt werden. (rp)<\/p>\n<p style=\"text-align: center;\"><a href=\"https:\/\/www.vs-seubersdorf.de\/schulpage\/wp-content\/uploads\/2018\/03\/MZ-Artikel.pdf\" target=\"_blank\" rel=\"noopener\"><strong>Artikel im Neumarkter Tagblatt vom 07.03.2018<\/strong><\/a><\/p>\n<p>&nbsp;<\/p>\n\n\t\t<style>\n\t\t\t#gallery-1 {\n\t\t\t\tmargin: auto;\n\t\t\t}\n\t\t\t#gallery-1 .gallery-item {\n\t\t\t\tfloat: left;\n\t\t\t\tmargin-top: 10px;\n\t\t\t\ttext-align: center;\n\t\t\t\twidth: 33%;\n\t\t\t}\n\t\t\t#gallery-1 img {\n\t\t\t\tborder: 2px solid #cfcfcf;\n\t\t\t}\n\t\t\t#gallery-1 .gallery-caption {\n\t\t\t\tmargin-left: 0;\n\t\t\t}\n\t\t\t\/* see gallery_shortcode() in wp-includes\/media.php *\/\n\t\t<\/style>\n\t\t<div id='gallery-1' class='gallery galleryid-15709 gallery-columns-3 gallery-size-thumbnail'><dl class='gallery-item'>\n\t\t\t<dt class='gallery-icon landscape'>\n\t\t\t\t<a href='https:\/\/www.vs-seubersdorf.de\/schulpage\/wp-content\/uploads\/2018\/03\/Integration-2.jpg'><img width=\"300\" height=\"300\" src=\"https:\/\/www.vs-seubersdorf.de\/schulpage\/wp-content\/uploads\/2018\/03\/Integration-2-300x300.jpg\" class=\"attachment-thumbnail size-thumbnail\" alt=\"\" decoding=\"async\" loading=\"lazy\" srcset=\"https:\/\/www.vs-seubersdorf.de\/schulpage\/wp-content\/uploads\/2018\/03\/Integration-2-300x300.jpg 300w, https:\/\/www.vs-seubersdorf.de\/schulpage\/wp-content\/uploads\/2018\/03\/Integration-2-160x160.jpg 160w, https:\/\/www.vs-seubersdorf.de\/schulpage\/wp-content\/uploads\/2018\/03\/Integration-2-320x320.jpg 320w\" sizes=\"(max-width: 300px) 100vw, 300px\" \/><\/a>\n\t\t\t<\/dt><\/dl><dl class='gallery-item'>\n\t\t\t<dt class='gallery-icon landscape'>\n\t\t\t\t<a href='https:\/\/www.vs-seubersdorf.de\/schulpage\/wp-content\/uploads\/2018\/03\/Integration-1.jpg'><img width=\"300\" height=\"300\" src=\"https:\/\/www.vs-seubersdorf.de\/schulpage\/wp-content\/uploads\/2018\/03\/Integration-1-300x300.jpg\" class=\"attachment-thumbnail size-thumbnail\" alt=\"\" decoding=\"async\" loading=\"lazy\" srcset=\"https:\/\/www.vs-seubersdorf.de\/schulpage\/wp-content\/uploads\/2018\/03\/Integration-1-300x300.jpg 300w, https:\/\/www.vs-seubersdorf.de\/schulpage\/wp-content\/uploads\/2018\/03\/Integration-1-160x160.jpg 160w, https:\/\/www.vs-seubersdorf.de\/schulpage\/wp-content\/uploads\/2018\/03\/Integration-1-320x320.jpg 320w\" sizes=\"(max-width: 300px) 100vw, 300px\" \/><\/a>\n\t\t\t<\/dt><\/dl><dl class='gallery-item'>\n\t\t\t<dt class='gallery-icon landscape'>\n\t\t\t\t<a href='https:\/\/www.vs-seubersdorf.de\/schulpage\/wp-content\/uploads\/2018\/03\/Integration-3.jpg'><img width=\"300\" height=\"300\" src=\"https:\/\/www.vs-seubersdorf.de\/schulpage\/wp-content\/uploads\/2018\/03\/Integration-3-300x300.jpg\" class=\"attachment-thumbnail size-thumbnail\" alt=\"\" decoding=\"async\" loading=\"lazy\" srcset=\"https:\/\/www.vs-seubersdorf.de\/schulpage\/wp-content\/uploads\/2018\/03\/Integration-3-300x300.jpg 300w, https:\/\/www.vs-seubersdorf.de\/schulpage\/wp-content\/uploads\/2018\/03\/Integration-3-160x160.jpg 160w, https:\/\/www.vs-seubersdorf.de\/schulpage\/wp-content\/uploads\/2018\/03\/Integration-3-320x320.jpg 320w\" sizes=\"(max-width: 300px) 100vw, 300px\" \/><\/a>\n\t\t\t<\/dt><\/dl><br style=\"clear: both\" \/>\n\t\t<\/div>\n\n","protected":false},"excerpt":{"rendered":"<p>Die Integration ausl\u00e4ndischer Sch\u00fcler ist ein sehr bedeutender Bestandteil der erzieherischen Arbeit an Schulen. Auch an der Seubersdorfer Schule besuchen&#46;&#46;&#46;<\/p>\n","protected":false},"author":2,"featured_media":15719,"comment_status":"closed","ping_status":"closed","sticky":false,"template":"","format":"image","meta":{"footnotes":""},"categories":[4,7,3],"tags":[194],"_links":{"self":[{"href":"https:\/\/www.vs-seubersdorf.de\/schulpage\/index.php?rest_route=\/wp\/v2\/posts\/15709"}],"collection":[{"href":"https:\/\/www.vs-seubersdorf.de\/schulpage\/index.php?rest_route=\/wp\/v2\/posts"}],"about":[{"href":"https:\/\/www.vs-seubersdorf.de\/schulpage\/index.php?rest_route=\/wp\/v2\/types\/post"}],"author":[{"embeddable":true,"href":"https:\/\/www.vs-seubersdorf.de\/schulpage\/index.php?rest_route=\/wp\/v2\/users\/2"}],"replies":[{"embeddable":true,"href":"https:\/\/www.vs-seubersdorf.de\/schulpage\/index.php?rest_route=%2Fwp%2Fv2%2Fcomments&post=15709"}],"version-history":[{"count":0,"href":"https:\/\/www.vs-seubersdorf.de\/schulpage\/index.php?rest_route=\/wp\/v2\/posts\/15709\/revisions"}],"wp:featuredmedia":[{"embeddable":true,"href":"https:\/\/www.vs-seubersdorf.de\/schulpage\/index.php?rest_route=\/wp\/v2\/media\/15719"}],"wp:attachment":[{"href":"https:\/\/www.vs-seubersdorf.de\/schulpage\/index.php?rest_route=%2Fwp%2Fv2%2Fmedia&parent=15709"}],"wp:term":[{"taxonomy":"category","embeddable":true,"href":"https:\/\/www.vs-seubersdorf.de\/schulpage\/index.php?rest_route=%2Fwp%2Fv2%2Fcategories&post=15709"},{"taxonomy":"post_tag","embeddable":true,"href":"https:\/\/www.vs-seubersdorf.de\/schulpage\/index.php?rest_route=%2Fwp%2Fv2%2Ftags&post=15709"}],"curies":[{"name":"wp","href":"https:\/\/api.w.org\/{rel}","templated":true}]}}