{"id":15445,"date":"2017-12-21T16:54:09","date_gmt":"2017-12-21T15:54:09","guid":{"rendered":"http:\/\/www.vs-seubersdorf.de\/schulpage\/?p=15445"},"modified":"2018-02-28T16:48:35","modified_gmt":"2018-02-28T15:48:35","slug":"hilfe-fuer-menschen-in-suedosteuropa","status":"publish","type":"post","link":"https:\/\/www.vs-seubersdorf.de\/schulpage\/?p=15445","title":{"rendered":"Hilfe f\u00fcr Menschen in S\u00fcdosteuropa"},"content":{"rendered":"<p style=\"text-align: left;\">Seit vielen Jahren packen Tausende Sch\u00fclerinnen und Sch\u00fcler, Kindergartenkinder, Mitarbeitende von Unternehmen und viele andere Menschen in der Vorweihnachtszeit Hilfspakete f\u00fcr notleidende Menschen in S\u00fcdosteuropa. Auch die Grund- und Mittelschule Seubersdorf beteiligt sich schon lange daran. Motiviert durch die SMV packt jede Klasse ein Paket f\u00fcr die Weihnachtstrucker. Jahr f\u00fcr Jahr setzen sie damit ein Zeichen der N\u00e4chstenliebe und der Hoffnung. Die Johanniter Weihnachtstrucker werden dann auch in diesem Winter wieder in vielen D\u00f6rfern in Albanien, Bosnien und Rum\u00e4nien unterwegs sein, um bed\u00fcrftige Menschen mit einem Hilfspaket zu unterst\u00fctzen. Die Pakete werden an wirtschaftlich schwache Familien, Schul- und Kindergartenkinder, Menschen mit Behinderung, in Armenk\u00fcchen, Alten- und Kinderheimen durch ehrenamtlichen Helferinnen und Helfer \u00fcberreicht. F\u00fcr viele Menschen sind die Pakete ein kostbares Zeichen der Hoffnung \u2013 ein Zeichen, dass sie nicht vergessen sind in ihrer Not. Jedes der Weihnachtstrucker-P\u00e4ckchen enth\u00e4lt Lebensmittel und Hygieneartikel von einer sorgf\u00e4ltig zusammengestellten Packliste.<\/p>\n<p style=\"text-align: center;\"><strong>Herzlichen Dank an alle Spender, Helfer und Unterst\u00fctzer und unsere aktive Sch\u00fclermitverantwortung, die diese Aktion an der Schule wieder organisiert hat! (me)<\/strong><\/p>\n<p style=\"text-align: center;\"><strong><a href=\"https:\/\/www.vs-seubersdorf.de\/schulpage\/wp-content\/uploads\/2017\/12\/Johanniter-Weihnachtstruck-2018.13_Jan.R_NM1.pdf\" target=\"_blank\" rel=\"noopener\">Zeitungsartikel<\/a><\/strong><\/p>\n<p style=\"text-align: center;\"><a href=\"https:\/\/www.vs-seubersdorf.de\/schulpage\/wp-content\/uploads\/2017\/12\/Dankurkunde-der-Johanniter.pdf\" target=\"_blank\" rel=\"noopener\"><strong>Dankurkunde der Johanniter<\/strong><\/a><\/p>\n<p>&nbsp;<\/p>\n\n\t\t<style>\n\t\t\t#gallery-1 {\n\t\t\t\tmargin: auto;\n\t\t\t}\n\t\t\t#gallery-1 .gallery-item {\n\t\t\t\tfloat: left;\n\t\t\t\tmargin-top: 10px;\n\t\t\t\ttext-align: center;\n\t\t\t\twidth: 50%;\n\t\t\t}\n\t\t\t#gallery-1 img {\n\t\t\t\tborder: 2px solid #cfcfcf;\n\t\t\t}\n\t\t\t#gallery-1 .gallery-caption {\n\t\t\t\tmargin-left: 0;\n\t\t\t}\n\t\t\t\/* see gallery_shortcode() in wp-includes\/media.php *\/\n\t\t<\/style>\n\t\t<div id='gallery-1' class='gallery galleryid-15445 gallery-columns-2 gallery-size-thumbnail'><dl class='gallery-item'>\n\t\t\t<dt class='gallery-icon landscape'>\n\t\t\t\t<a href='https:\/\/www.vs-seubersdorf.de\/schulpage\/wp-content\/uploads\/2017\/12\/Weihnachtstrucker-1.jpg'><img width=\"300\" height=\"300\" src=\"https:\/\/www.vs-seubersdorf.de\/schulpage\/wp-content\/uploads\/2017\/12\/Weihnachtstrucker-1-300x300.jpg\" class=\"attachment-thumbnail size-thumbnail\" alt=\"\" decoding=\"async\" loading=\"lazy\" srcset=\"https:\/\/www.vs-seubersdorf.de\/schulpage\/wp-content\/uploads\/2017\/12\/Weihnachtstrucker-1-300x300.jpg 300w, https:\/\/www.vs-seubersdorf.de\/schulpage\/wp-content\/uploads\/2017\/12\/Weihnachtstrucker-1-160x160.jpg 160w, https:\/\/www.vs-seubersdorf.de\/schulpage\/wp-content\/uploads\/2017\/12\/Weihnachtstrucker-1-320x320.jpg 320w\" sizes=\"(max-width: 300px) 100vw, 300px\" \/><\/a>\n\t\t\t<\/dt><\/dl><dl class='gallery-item'>\n\t\t\t<dt class='gallery-icon landscape'>\n\t\t\t\t<a href='https:\/\/www.vs-seubersdorf.de\/schulpage\/wp-content\/uploads\/2017\/12\/Weihnachtstrucker-2.jpg'><img width=\"300\" height=\"300\" src=\"https:\/\/www.vs-seubersdorf.de\/schulpage\/wp-content\/uploads\/2017\/12\/Weihnachtstrucker-2-300x300.jpg\" class=\"attachment-thumbnail size-thumbnail\" alt=\"\" decoding=\"async\" loading=\"lazy\" srcset=\"https:\/\/www.vs-seubersdorf.de\/schulpage\/wp-content\/uploads\/2017\/12\/Weihnachtstrucker-2-300x300.jpg 300w, https:\/\/www.vs-seubersdorf.de\/schulpage\/wp-content\/uploads\/2017\/12\/Weihnachtstrucker-2-160x160.jpg 160w, https:\/\/www.vs-seubersdorf.de\/schulpage\/wp-content\/uploads\/2017\/12\/Weihnachtstrucker-2-320x320.jpg 320w\" sizes=\"(max-width: 300px) 100vw, 300px\" \/><\/a>\n\t\t\t<\/dt><\/dl><br style=\"clear: both\" \/>\n\t\t<\/div>\n\n","protected":false},"excerpt":{"rendered":"<p>Seit vielen Jahren packen Tausende Sch\u00fclerinnen und Sch\u00fcler, Kindergartenkinder, Mitarbeitende von Unternehmen und viele andere Menschen in der Vorweihnachtszeit Hilfspakete&#46;&#46;&#46;<\/p>\n","protected":false},"author":2,"featured_media":15446,"comment_status":"closed","ping_status":"closed","sticky":false,"template":"","format":"image","meta":{"footnotes":""},"categories":[3,9],"tags":[],"_links":{"self":[{"href":"https:\/\/www.vs-seubersdorf.de\/schulpage\/index.php?rest_route=\/wp\/v2\/posts\/15445"}],"collection":[{"href":"https:\/\/www.vs-seubersdorf.de\/schulpage\/index.php?rest_route=\/wp\/v2\/posts"}],"about":[{"href":"https:\/\/www.vs-seubersdorf.de\/schulpage\/index.php?rest_route=\/wp\/v2\/types\/post"}],"author":[{"embeddable":true,"href":"https:\/\/www.vs-seubersdorf.de\/schulpage\/index.php?rest_route=\/wp\/v2\/users\/2"}],"replies":[{"embeddable":true,"href":"https:\/\/www.vs-seubersdorf.de\/schulpage\/index.php?rest_route=%2Fwp%2Fv2%2Fcomments&post=15445"}],"version-history":[{"count":0,"href":"https:\/\/www.vs-seubersdorf.de\/schulpage\/index.php?rest_route=\/wp\/v2\/posts\/15445\/revisions"}],"wp:featuredmedia":[{"embeddable":true,"href":"https:\/\/www.vs-seubersdorf.de\/schulpage\/index.php?rest_route=\/wp\/v2\/media\/15446"}],"wp:attachment":[{"href":"https:\/\/www.vs-seubersdorf.de\/schulpage\/index.php?rest_route=%2Fwp%2Fv2%2Fmedia&parent=15445"}],"wp:term":[{"taxonomy":"category","embeddable":true,"href":"https:\/\/www.vs-seubersdorf.de\/schulpage\/index.php?rest_route=%2Fwp%2Fv2%2Fcategories&post=15445"},{"taxonomy":"post_tag","embeddable":true,"href":"https:\/\/www.vs-seubersdorf.de\/schulpage\/index.php?rest_route=%2Fwp%2Fv2%2Ftags&post=15445"}],"curies":[{"name":"wp","href":"https:\/\/api.w.org\/{rel}","templated":true}]}}