{"id":15326,"date":"2017-11-28T22:01:29","date_gmt":"2017-11-28T21:01:29","guid":{"rendered":"http:\/\/www.vs-seubersdorf.de\/schulpage\/?p=15326"},"modified":"2020-02-06T18:12:46","modified_gmt":"2020-02-06T17:12:46","slug":"nur-wer-erwachsen-wird-und-ein-kind-bleibt-ist-ein-mensch","status":"publish","type":"post","link":"https:\/\/www.vs-seubersdorf.de\/schulpage\/?p=15326","title":{"rendered":"\u201eNur wer erwachsen wird und ein Kind bleibt, &#8230;&#8220;"},"content":{"rendered":"<p><img decoding=\"async\" loading=\"lazy\" class=\"alignnone size-full wp-image-15327\" src=\"https:\/\/www.vs-seubersdorf.de\/schulpage\/wp-content\/uploads\/2017\/11\/P\u00fcnktchen_und_-Anton.jpg\" alt=\"\" width=\"501\" height=\"233\" srcset=\"https:\/\/www.vs-seubersdorf.de\/schulpage\/wp-content\/uploads\/2017\/11\/P\u00fcnktchen_und_-Anton.jpg 501w, https:\/\/www.vs-seubersdorf.de\/schulpage\/wp-content\/uploads\/2017\/11\/P\u00fcnktchen_und_-Anton-300x140.jpg 300w\" sizes=\"(max-width: 501px) 100vw, 501px\" \/><\/p>\n<p>Dies sagte Erich K\u00e4stner einst und schickte damit eine Weisheit in die Welt. Um dieser Weisheit auf den Grund zu gehen, besuchten die 5. und 6. Klasse die Theaterauff\u00fchrung \u201e P\u00fcnktchen und Anton\u201c im Velodrom in Regensburg.<\/p>\n<p>So erlebten die Sch\u00fclerinnen und Sch\u00fcler, dass die beiden Freunde P\u00fcnktchen und Anton\u00a0in grundverschiedenen Welten leben:\u00a0Sie wohnt mit ihren\u00a0Eltern in einer schicken Villa mit Dienstpersonal,\u00a0w\u00e4hrend\u00a0Anton mit seiner kranken Mutter kaum\u00a0genug zu essen hat.\u00a0Weil ihre Eltern keine\u00a0Zeit f\u00fcr sie haben, ist\u00a0P\u00fcnktchen abends unerlaubterweise mit ihrem\u00a0Kinderm\u00e4dchen unterwegs. Dabei trifft sie\u00a0Anton, der mit dem Verkauf von\u00a0Streichh\u00f6lzern\u00a0seiner Mutter hilft, \u00fcber die Runden zu kommen.\u00a0Damit ihnen ihre\u00a0Eltern nicht auf die Schliche\u00a0kommen, f\u00fchren die beiden mit viel Witz und\u00a0Einfallsreichtum die Erwachsenen immer wieder an\u00a0der Nase herum. Bei einem\u00a0ihrer Streifz\u00fcge h\u00f6ren\u00a0sie von einem geplanten Einbruch in die Villa\u00a0von\u00a0P\u00fcnktchens Eltern. Ein Wettlauf gegen die\u00a0Zeit\u00a0 beginnt \u2026\u2026..<br \/>\nDoch zum Schluss geht alles gut aus. Die Einbrecher werden verhaftet und P\u00fcnktchens Vater erkennt seine soziale Verantwortung und dass er seine Tochter vernachl\u00e4ssigt hat. Deshalb d\u00fcrfen Anton und seine Mutter in die Wohnung der der reichen Eltern einziehen. (cm)<\/p>\n\n\t\t<style>\n\t\t\t#gallery-1 {\n\t\t\t\tmargin: auto;\n\t\t\t}\n\t\t\t#gallery-1 .gallery-item {\n\t\t\t\tfloat: left;\n\t\t\t\tmargin-top: 10px;\n\t\t\t\ttext-align: center;\n\t\t\t\twidth: 33%;\n\t\t\t}\n\t\t\t#gallery-1 img {\n\t\t\t\tborder: 2px solid #cfcfcf;\n\t\t\t}\n\t\t\t#gallery-1 .gallery-caption {\n\t\t\t\tmargin-left: 0;\n\t\t\t}\n\t\t\t\/* see gallery_shortcode() in wp-includes\/media.php *\/\n\t\t<\/style>\n\t\t<div id='gallery-1' class='gallery galleryid-15326 gallery-columns-3 gallery-size-thumbnail'><dl class='gallery-item'>\n\t\t\t<dt class='gallery-icon landscape'>\n\t\t\t\t<a href='https:\/\/www.vs-seubersdorf.de\/schulpage\/wp-content\/uploads\/2017\/11\/P\u00fcnktchen_und_-Anton-1.jpg'><img width=\"150\" height=\"150\" src=\"https:\/\/www.vs-seubersdorf.de\/schulpage\/wp-content\/uploads\/2017\/11\/P\u00fcnktchen_und_-Anton-1-150x150.jpg\" class=\"attachment-thumbnail size-thumbnail\" alt=\"\" decoding=\"async\" loading=\"lazy\" \/><\/a>\n\t\t\t<\/dt><\/dl><dl class='gallery-item'>\n\t\t\t<dt class='gallery-icon landscape'>\n\t\t\t\t<a href='https:\/\/www.vs-seubersdorf.de\/schulpage\/wp-content\/uploads\/2017\/11\/P\u00fcnktchen_und_-Anton-2.jpg'><img width=\"150\" height=\"150\" src=\"https:\/\/www.vs-seubersdorf.de\/schulpage\/wp-content\/uploads\/2017\/11\/P\u00fcnktchen_und_-Anton-2-150x150.jpg\" class=\"attachment-thumbnail size-thumbnail\" alt=\"\" decoding=\"async\" loading=\"lazy\" \/><\/a>\n\t\t\t<\/dt><\/dl><dl class='gallery-item'>\n\t\t\t<dt class='gallery-icon landscape'>\n\t\t\t\t<a href='https:\/\/www.vs-seubersdorf.de\/schulpage\/wp-content\/uploads\/2017\/11\/P\u00fcnktchen_und_-Anton-3.jpg'><img width=\"150\" height=\"150\" src=\"https:\/\/www.vs-seubersdorf.de\/schulpage\/wp-content\/uploads\/2017\/11\/P\u00fcnktchen_und_-Anton-3-150x150.jpg\" class=\"attachment-thumbnail size-thumbnail\" alt=\"\" decoding=\"async\" loading=\"lazy\" \/><\/a>\n\t\t\t<\/dt><\/dl><br style=\"clear: both\" \/>\n\t\t<\/div>\n\n<p style=\"text-align: right;\">Fotografin Christina Iberl\/Theater Regensburg<\/p>\n","protected":false},"excerpt":{"rendered":"<p>Dies sagte Erich K\u00e4stner einst und schickte damit eine Weisheit in die Welt. Um dieser Weisheit auf den Grund zu&#46;&#46;&#46;<\/p>\n","protected":false},"author":2,"featured_media":15327,"comment_status":"closed","ping_status":"closed","sticky":false,"template":"","format":"standard","meta":{"footnotes":""},"categories":[4],"tags":[180,181],"_links":{"self":[{"href":"https:\/\/www.vs-seubersdorf.de\/schulpage\/index.php?rest_route=\/wp\/v2\/posts\/15326"}],"collection":[{"href":"https:\/\/www.vs-seubersdorf.de\/schulpage\/index.php?rest_route=\/wp\/v2\/posts"}],"about":[{"href":"https:\/\/www.vs-seubersdorf.de\/schulpage\/index.php?rest_route=\/wp\/v2\/types\/post"}],"author":[{"embeddable":true,"href":"https:\/\/www.vs-seubersdorf.de\/schulpage\/index.php?rest_route=\/wp\/v2\/users\/2"}],"replies":[{"embeddable":true,"href":"https:\/\/www.vs-seubersdorf.de\/schulpage\/index.php?rest_route=%2Fwp%2Fv2%2Fcomments&post=15326"}],"version-history":[{"count":0,"href":"https:\/\/www.vs-seubersdorf.de\/schulpage\/index.php?rest_route=\/wp\/v2\/posts\/15326\/revisions"}],"wp:featuredmedia":[{"embeddable":true,"href":"https:\/\/www.vs-seubersdorf.de\/schulpage\/index.php?rest_route=\/wp\/v2\/media\/15327"}],"wp:attachment":[{"href":"https:\/\/www.vs-seubersdorf.de\/schulpage\/index.php?rest_route=%2Fwp%2Fv2%2Fmedia&parent=15326"}],"wp:term":[{"taxonomy":"category","embeddable":true,"href":"https:\/\/www.vs-seubersdorf.de\/schulpage\/index.php?rest_route=%2Fwp%2Fv2%2Fcategories&post=15326"},{"taxonomy":"post_tag","embeddable":true,"href":"https:\/\/www.vs-seubersdorf.de\/schulpage\/index.php?rest_route=%2Fwp%2Fv2%2Ftags&post=15326"}],"curies":[{"name":"wp","href":"https:\/\/api.w.org\/{rel}","templated":true}]}}