{"id":15236,"date":"2017-10-25T20:33:33","date_gmt":"2017-10-25T19:33:33","guid":{"rendered":"http:\/\/www.vs-seubersdorf.de\/schulpage\/?p=15236"},"modified":"2017-12-11T08:23:25","modified_gmt":"2017-12-11T07:23:25","slug":"schule-schlaegt-bruecke-zum-handwerk","status":"publish","type":"post","link":"https:\/\/www.vs-seubersdorf.de\/schulpage\/?p=15236","title":{"rendered":"Schule schl\u00e4gt Br\u00fccke zum Handwerk"},"content":{"rendered":"<div id=\"attachment_15238\" style=\"width: 511px\" class=\"wp-caption alignnone\"><img aria-describedby=\"caption-attachment-15238\" decoding=\"async\" loading=\"lazy\" class=\"wp-image-15238 size-full\" src=\"https:\/\/www.vs-seubersdorf.de\/schulpage\/wp-content\/uploads\/2017\/10\/Projektwoche.jpg\" alt=\"\" width=\"501\" height=\"241\" srcset=\"https:\/\/www.vs-seubersdorf.de\/schulpage\/wp-content\/uploads\/2017\/10\/Projektwoche.jpg 501w, https:\/\/www.vs-seubersdorf.de\/schulpage\/wp-content\/uploads\/2017\/10\/Projektwoche-300x144.jpg 300w\" sizes=\"(max-width: 501px) 100vw, 501px\" \/><p id=\"caption-attachment-15238\" class=\"wp-caption-text\">Diese Bank im Pausenhof der Seubersdorfer Schule, um die sich alle Beteiligten hier aufgereiht haben, wurde im Zuge des Projekts von Sch\u00fclern entworfen und gefertigt.<\/p><\/div>\n<p><strong>\u00a0<\/strong>An der Mittelschule Seubersdorf tasten sich Sch\u00fcler an die Berufswelt heran. Die Ergebnisse sind bemerkenswert. Mit einer Reihe von Projekten haben sich im vergangenen Jahr die Sch\u00fcler der M9, jetzt 10. Klassen in der Grund- und Mittelschule Seubersdorf verewigt.<\/p>\n<p><!--more--><\/p>\n<p>Unter dem Motto \u201eKreativ und technisch-handwerklich begabt\u201c wurden sie von den Sch\u00fclern mit ihren Betreuern unter anderem dem Schulamtsdirektor Christoph Weigert sowie B\u00fcrgermeister Eduard Meier vorgestellt. Bei der Pr\u00e4sentation \u00fcbernahmen die Lehrkr\u00e4fte Doris Lottner und Beate Brandl im Namen der Sch\u00fcler die Moderation, nachdem die Sch\u00fcler der 5. Klasse die G\u00e4ste mit einem bayerischen Lied begr\u00fc\u00dft hatten.<\/p>\n\n\t\t<style>\n\t\t\t#gallery-1 {\n\t\t\t\tmargin: auto;\n\t\t\t}\n\t\t\t#gallery-1 .gallery-item {\n\t\t\t\tfloat: left;\n\t\t\t\tmargin-top: 10px;\n\t\t\t\ttext-align: center;\n\t\t\t\twidth: 33%;\n\t\t\t}\n\t\t\t#gallery-1 img {\n\t\t\t\tborder: 2px solid #cfcfcf;\n\t\t\t}\n\t\t\t#gallery-1 .gallery-caption {\n\t\t\t\tmargin-left: 0;\n\t\t\t}\n\t\t\t\/* see gallery_shortcode() in wp-includes\/media.php *\/\n\t\t<\/style>\n\t\t<div id='gallery-1' class='gallery galleryid-15236 gallery-columns-3 gallery-size-thumbnail'><dl class='gallery-item'>\n\t\t\t<dt class='gallery-icon landscape'>\n\t\t\t\t<a href='https:\/\/www.vs-seubersdorf.de\/schulpage\/wp-content\/uploads\/2017\/10\/Pr\u00e4sentation-001.jpg'><img width=\"150\" height=\"150\" src=\"https:\/\/www.vs-seubersdorf.de\/schulpage\/wp-content\/uploads\/2017\/10\/Pr\u00e4sentation-001-150x150.jpg\" class=\"attachment-thumbnail size-thumbnail\" alt=\"\" decoding=\"async\" loading=\"lazy\" \/><\/a>\n\t\t\t<\/dt><\/dl><dl class='gallery-item'>\n\t\t\t<dt class='gallery-icon landscape'>\n\t\t\t\t<a href='https:\/\/www.vs-seubersdorf.de\/schulpage\/wp-content\/uploads\/2017\/10\/Pr\u00e4sentation-002.jpg'><img width=\"150\" height=\"150\" src=\"https:\/\/www.vs-seubersdorf.de\/schulpage\/wp-content\/uploads\/2017\/10\/Pr\u00e4sentation-002-150x150.jpg\" class=\"attachment-thumbnail size-thumbnail\" alt=\"\" decoding=\"async\" loading=\"lazy\" \/><\/a>\n\t\t\t<\/dt><\/dl><dl class='gallery-item'>\n\t\t\t<dt class='gallery-icon landscape'>\n\t\t\t\t<a href='https:\/\/www.vs-seubersdorf.de\/schulpage\/wp-content\/uploads\/2017\/10\/Pr\u00e4sentation-003.jpg'><img width=\"150\" height=\"150\" src=\"https:\/\/www.vs-seubersdorf.de\/schulpage\/wp-content\/uploads\/2017\/10\/Pr\u00e4sentation-003-150x150.jpg\" class=\"attachment-thumbnail size-thumbnail\" alt=\"\" decoding=\"async\" loading=\"lazy\" \/><\/a>\n\t\t\t<\/dt><\/dl><br style=\"clear: both\" \/>\n\t\t<\/div>\n\n<h2><span style=\"font-size: 12pt;\">Kooperation mit Handwerkern<\/span><\/h2>\n<p>Das erste Projekt, das seinen Platz auf dem Pausenhof der Grundschule gefunden hat, ist mit Hilfe der Handwerksmeister Albert Kurzendorfer und Schreinermeister Max Fischer von den Sch\u00fclern gebaut worden. Lottner erg\u00e4nzte in der Moderation, dass der Metallteil der Bank in der Werkstatt der Firma Kurzendorfer gefertigt worden sei. H\u00f6chst problematisch f\u00fcr die Technik-Sch\u00fcler sie die Vorgabe gewesen, dass die Bank einen Baum umschlie\u00dfen solle. Die Grundfl\u00e4che stellte eine unregelm\u00e4\u00dfige Ellipse dar. F\u00fcr den CAD-Plan wurde von den Sch\u00fclern sogar eine Sonntagsschicht eingelegt. Der Holzbelag der Bank ist wetterfest. Au\u00dferdem wurde sie mit dem k\u00fcnstlerisch gestalteten Logo der Schule versehen.<\/p>\n\n\t\t<style>\n\t\t\t#gallery-2 {\n\t\t\t\tmargin: auto;\n\t\t\t}\n\t\t\t#gallery-2 .gallery-item {\n\t\t\t\tfloat: left;\n\t\t\t\tmargin-top: 10px;\n\t\t\t\ttext-align: center;\n\t\t\t\twidth: 33%;\n\t\t\t}\n\t\t\t#gallery-2 img {\n\t\t\t\tborder: 2px solid #cfcfcf;\n\t\t\t}\n\t\t\t#gallery-2 .gallery-caption {\n\t\t\t\tmargin-left: 0;\n\t\t\t}\n\t\t\t\/* see gallery_shortcode() in wp-includes\/media.php *\/\n\t\t<\/style>\n\t\t<div id='gallery-2' class='gallery galleryid-15236 gallery-columns-3 gallery-size-thumbnail'><dl class='gallery-item'>\n\t\t\t<dt class='gallery-icon landscape'>\n\t\t\t\t<a href='https:\/\/www.vs-seubersdorf.de\/schulpage\/wp-content\/uploads\/2017\/10\/Bank-im-Pausenhof-002.jpg'><img width=\"150\" height=\"150\" src=\"https:\/\/www.vs-seubersdorf.de\/schulpage\/wp-content\/uploads\/2017\/10\/Bank-im-Pausenhof-002-150x150.jpg\" class=\"attachment-thumbnail size-thumbnail\" alt=\"\" decoding=\"async\" loading=\"lazy\" \/><\/a>\n\t\t\t<\/dt><\/dl><dl class='gallery-item'>\n\t\t\t<dt class='gallery-icon landscape'>\n\t\t\t\t<a href='https:\/\/www.vs-seubersdorf.de\/schulpage\/wp-content\/uploads\/2017\/10\/Bank-im-Pausenhof-003.jpg'><img width=\"150\" height=\"150\" src=\"https:\/\/www.vs-seubersdorf.de\/schulpage\/wp-content\/uploads\/2017\/10\/Bank-im-Pausenhof-003-150x150.jpg\" class=\"attachment-thumbnail size-thumbnail\" alt=\"\" decoding=\"async\" loading=\"lazy\" \/><\/a>\n\t\t\t<\/dt><\/dl><dl class='gallery-item'>\n\t\t\t<dt class='gallery-icon landscape'>\n\t\t\t\t<a href='https:\/\/www.vs-seubersdorf.de\/schulpage\/wp-content\/uploads\/2017\/10\/Bank-im-Pausenhof-001.jpg'><img width=\"150\" height=\"150\" src=\"https:\/\/www.vs-seubersdorf.de\/schulpage\/wp-content\/uploads\/2017\/10\/Bank-im-Pausenhof-001-150x150.jpg\" class=\"attachment-thumbnail size-thumbnail\" alt=\"\" decoding=\"async\" loading=\"lazy\" \/><\/a>\n\t\t\t<\/dt><\/dl><br style=\"clear: both\" \/>\n\t\t<\/div>\n\n<p>Im zweiten Workshop unter der Leitung von Brandl bauten die Sch\u00fcler sogenannte Steckst\u00fchle, die ihren Platz vor dem Werkraum der Seubersdorfer Schule erhalten werden. Die zehn jungen Handwerker, so Brandl, arbeiteten exakt, war es doch das Ziel, die St\u00fchle so herzustellen, das sie leicht verstaubar und auch wieder einfach aufzubauen sind. Neben dem Planen und S\u00e4gen wurde auch bei den St\u00fchlen k\u00fcnstlerisches Talent eingebracht, in dem diese mit Flammenwerfern rustikal gestaltet wurden.<\/p>\n\n\t\t<style>\n\t\t\t#gallery-3 {\n\t\t\t\tmargin: auto;\n\t\t\t}\n\t\t\t#gallery-3 .gallery-item {\n\t\t\t\tfloat: left;\n\t\t\t\tmargin-top: 10px;\n\t\t\t\ttext-align: center;\n\t\t\t\twidth: 33%;\n\t\t\t}\n\t\t\t#gallery-3 img {\n\t\t\t\tborder: 2px solid #cfcfcf;\n\t\t\t}\n\t\t\t#gallery-3 .gallery-caption {\n\t\t\t\tmargin-left: 0;\n\t\t\t}\n\t\t\t\/* see gallery_shortcode() in wp-includes\/media.php *\/\n\t\t<\/style>\n\t\t<div id='gallery-3' class='gallery galleryid-15236 gallery-columns-3 gallery-size-thumbnail'><dl class='gallery-item'>\n\t\t\t<dt class='gallery-icon landscape'>\n\t\t\t\t<a href='https:\/\/www.vs-seubersdorf.de\/schulpage\/wp-content\/uploads\/2017\/10\/Steckst\u00fchle-001.jpg'><img width=\"150\" height=\"150\" src=\"https:\/\/www.vs-seubersdorf.de\/schulpage\/wp-content\/uploads\/2017\/10\/Steckst\u00fchle-001-150x150.jpg\" class=\"attachment-thumbnail size-thumbnail\" alt=\"\" decoding=\"async\" loading=\"lazy\" \/><\/a>\n\t\t\t<\/dt><\/dl><dl class='gallery-item'>\n\t\t\t<dt class='gallery-icon landscape'>\n\t\t\t\t<a href='https:\/\/www.vs-seubersdorf.de\/schulpage\/wp-content\/uploads\/2017\/10\/Steckst\u00fchle-002.jpg'><img width=\"150\" height=\"150\" src=\"https:\/\/www.vs-seubersdorf.de\/schulpage\/wp-content\/uploads\/2017\/10\/Steckst\u00fchle-002-150x150.jpg\" class=\"attachment-thumbnail size-thumbnail\" alt=\"\" decoding=\"async\" loading=\"lazy\" \/><\/a>\n\t\t\t<\/dt><\/dl><dl class='gallery-item'>\n\t\t\t<dt class='gallery-icon landscape'>\n\t\t\t\t<a href='https:\/\/www.vs-seubersdorf.de\/schulpage\/wp-content\/uploads\/2017\/10\/Steckst\u00fchle-003.jpg'><img width=\"150\" height=\"150\" src=\"https:\/\/www.vs-seubersdorf.de\/schulpage\/wp-content\/uploads\/2017\/10\/Steckst\u00fchle-003-150x150.jpg\" class=\"attachment-thumbnail size-thumbnail\" alt=\"\" decoding=\"async\" loading=\"lazy\" \/><\/a>\n\t\t\t<\/dt><\/dl><br style=\"clear: both\" \/>\n\t\t<\/div>\n\n<p>Die Projektwoche wurde von einem Videoteam aus Sch\u00fclern auch im Bewegtbild festgehalten, so dass die G\u00e4ste bei der Vorstellung auch live erleben konnten, welchen Spa\u00df die Sch\u00fcler trotz Arbeit und Herausforderung hatten. So stellten sich n\u00e4mlich Simon und Madlen bei der Herstellung von lebensgro\u00dfen Sch\u00fcler-Figuren mit Claudia Barthel als Modell zur Verf\u00fcgung. \u201eGipsabdrucke von Gesichter und den H\u00e4nden waren die ersten Schritte\u201c, erkl\u00e4rte Brandl die Arbeitsschritte, bevor man aus Holzlatten ein Grundger\u00fcst f\u00fcr die beiden K\u00f6rper in Form einer Marionette baute. Die Latten wurden mit Zeitungspapier und Hasendraht ummantelt. Mit Farbe im Gesicht, Per\u00fccke auf dem Kopf und der Kleidung hat die Schule nun zwei neue Sch\u00fcler, die im Gang vor dem Physiksaal ihre Zeit verbringen.<\/p>\n\n\t\t<style>\n\t\t\t#gallery-4 {\n\t\t\t\tmargin: auto;\n\t\t\t}\n\t\t\t#gallery-4 .gallery-item {\n\t\t\t\tfloat: left;\n\t\t\t\tmargin-top: 10px;\n\t\t\t\ttext-align: center;\n\t\t\t\twidth: 33%;\n\t\t\t}\n\t\t\t#gallery-4 img {\n\t\t\t\tborder: 2px solid #cfcfcf;\n\t\t\t}\n\t\t\t#gallery-4 .gallery-caption {\n\t\t\t\tmargin-left: 0;\n\t\t\t}\n\t\t\t\/* see gallery_shortcode() in wp-includes\/media.php *\/\n\t\t<\/style>\n\t\t<div id='gallery-4' class='gallery galleryid-15236 gallery-columns-3 gallery-size-thumbnail'><dl class='gallery-item'>\n\t\t\t<dt class='gallery-icon landscape'>\n\t\t\t\t<a href='https:\/\/www.vs-seubersdorf.de\/schulpage\/wp-content\/uploads\/2017\/10\/Figuren-001.jpg'><img width=\"150\" height=\"150\" src=\"https:\/\/www.vs-seubersdorf.de\/schulpage\/wp-content\/uploads\/2017\/10\/Figuren-001-150x150.jpg\" class=\"attachment-thumbnail size-thumbnail\" alt=\"\" decoding=\"async\" loading=\"lazy\" \/><\/a>\n\t\t\t<\/dt><\/dl><dl class='gallery-item'>\n\t\t\t<dt class='gallery-icon landscape'>\n\t\t\t\t<a href='https:\/\/www.vs-seubersdorf.de\/schulpage\/wp-content\/uploads\/2017\/10\/Figuren-002.jpg'><img width=\"150\" height=\"150\" src=\"https:\/\/www.vs-seubersdorf.de\/schulpage\/wp-content\/uploads\/2017\/10\/Figuren-002-150x150.jpg\" class=\"attachment-thumbnail size-thumbnail\" alt=\"\" decoding=\"async\" loading=\"lazy\" \/><\/a>\n\t\t\t<\/dt><\/dl><dl class='gallery-item'>\n\t\t\t<dt class='gallery-icon landscape'>\n\t\t\t\t<a href='https:\/\/www.vs-seubersdorf.de\/schulpage\/wp-content\/uploads\/2017\/10\/Figuren-003.jpg'><img width=\"150\" height=\"150\" src=\"https:\/\/www.vs-seubersdorf.de\/schulpage\/wp-content\/uploads\/2017\/10\/Figuren-003-150x150.jpg\" class=\"attachment-thumbnail size-thumbnail\" alt=\"\" decoding=\"async\" loading=\"lazy\" \/><\/a>\n\t\t\t<\/dt><\/dl><br style=\"clear: both\" \/>\n\t\t<\/div>\n\n<p>Unter den fachkundigen Augen von Lottner sind weiter gro\u00dfformatige Bilder entstanden. Zum Beispiel in Anlehnung an Franz Marcs expressionistischem \u201eBlauen Pferd\u201c malten zwei Sch\u00fcler den \u201eBlauen Hasen\u201c. Weitere Werke, wie die \u201eWolfsnacht\u201c und der \u201eChinesische Garten\u201c, k\u00f6nnen seit der Pr\u00e4sentation in der Aula sowie im Gang zum Physiksaal bewundert werden.<\/p>\n\n\t\t<style>\n\t\t\t#gallery-5 {\n\t\t\t\tmargin: auto;\n\t\t\t}\n\t\t\t#gallery-5 .gallery-item {\n\t\t\t\tfloat: left;\n\t\t\t\tmargin-top: 10px;\n\t\t\t\ttext-align: center;\n\t\t\t\twidth: 33%;\n\t\t\t}\n\t\t\t#gallery-5 img {\n\t\t\t\tborder: 2px solid #cfcfcf;\n\t\t\t}\n\t\t\t#gallery-5 .gallery-caption {\n\t\t\t\tmargin-left: 0;\n\t\t\t}\n\t\t\t\/* see gallery_shortcode() in wp-includes\/media.php *\/\n\t\t<\/style>\n\t\t<div id='gallery-5' class='gallery galleryid-15236 gallery-columns-3 gallery-size-thumbnail'><dl class='gallery-item'>\n\t\t\t<dt class='gallery-icon landscape'>\n\t\t\t\t<a href='https:\/\/www.vs-seubersdorf.de\/schulpage\/wp-content\/uploads\/2017\/10\/Bilder-002.jpg'><img width=\"150\" height=\"150\" src=\"https:\/\/www.vs-seubersdorf.de\/schulpage\/wp-content\/uploads\/2017\/10\/Bilder-002-150x150.jpg\" class=\"attachment-thumbnail size-thumbnail\" alt=\"\" decoding=\"async\" loading=\"lazy\" \/><\/a>\n\t\t\t<\/dt><\/dl><dl class='gallery-item'>\n\t\t\t<dt class='gallery-icon landscape'>\n\t\t\t\t<a href='https:\/\/www.vs-seubersdorf.de\/schulpage\/wp-content\/uploads\/2017\/10\/Bilder-003.jpg'><img width=\"150\" height=\"150\" src=\"https:\/\/www.vs-seubersdorf.de\/schulpage\/wp-content\/uploads\/2017\/10\/Bilder-003-150x150.jpg\" class=\"attachment-thumbnail size-thumbnail\" alt=\"\" decoding=\"async\" loading=\"lazy\" \/><\/a>\n\t\t\t<\/dt><\/dl><dl class='gallery-item'>\n\t\t\t<dt class='gallery-icon landscape'>\n\t\t\t\t<a href='https:\/\/www.vs-seubersdorf.de\/schulpage\/wp-content\/uploads\/2017\/10\/Bilder-001.jpg'><img width=\"150\" height=\"150\" src=\"https:\/\/www.vs-seubersdorf.de\/schulpage\/wp-content\/uploads\/2017\/10\/Bilder-001-150x150.jpg\" class=\"attachment-thumbnail size-thumbnail\" alt=\"\" decoding=\"async\" loading=\"lazy\" \/><\/a>\n\t\t\t<\/dt><\/dl><br style=\"clear: both\" \/>\n\t\t<\/div>\n\n<p><strong>Teilnehmer haben Spa\u00df<\/strong><\/p>\n<p style=\"text-align: left;\">Letztendlich stellten die Moderatoren fest, dass Projekte in keinem modernen Unterricht fehlen d\u00fcrfen. F\u00fcr die Sch\u00fcler w\u00fcrden diese Projekte auch an au\u00dferschulischen Lernorten nicht nur Spa\u00df, Motivation und Durchhalteverm\u00f6gen bringen, handwerkliche Kompetenz und Teamf\u00e4higkeit w\u00fcrden zudem gef\u00f6rdert werden. Die erworbenen Kompetenzen seien f\u00fcr das zuk\u00fcnftige Berufsleben ungeheuer wertvoll, erg\u00e4nzte auch Schulleiter Karl Staudinger im Gespr\u00e4ch mit den G\u00e4sten. M\u00f6glich sei die Projektwoche durch das staatliche Schulamt, das diese beruforientierenden Ma\u00dfnahmen mit Geldern finanziere.<\/p>\n<p>Die Bezahlung der Handwerksmeister und K\u00fcnstler erfolge mit Geldern des Bayerischen Kulturministeriums, die f\u00fcr derartige berufsorientierende Projekte zur Verf\u00fcgung gestellt werden. Ein Dank wurde auch der Gemeinde Seubersdorf mit B\u00fcrgermeister Eduard Meier ausgesprochen, die s\u00e4mtliche Materialkosten \u00fcbernommen hatte sowie den Lehrkr\u00e4ften Markus Eigenstetter, Markus Stark, Doris Lottner und Beate Brandl, welche die Projektwoche in ihrer Freizeit geplant und vorbereitet hatten.<\/p>\n<p>Umrahmt wurde die Pr\u00e4sentation der Projektwoche mit einem Rap von Kevin M\u00fcller und Korbinian K\u00f6stler, bevor sich die G\u00e4ste mit den Sch\u00fclern beim Umtrunk im Sch\u00fclercaf\u00e9 zusammensetzten. Dabei erz\u00e4hlte Busenur Celik, dass sie es toll fand, eine Woche kreativ sein zu d\u00fcrfen, um eigene Ideen in Bildern darzustellen. Enes Meydan fand es gut, dass der Klassenverband aufgel\u00f6st wurde, um in einer anderen Zusammensetzung das tun zu d\u00fcrfen, was den Neigungen jedes einzelnen entsprach. (Vera Gabler)<\/p>\n\n\t\t<style>\n\t\t\t#gallery-6 {\n\t\t\t\tmargin: auto;\n\t\t\t}\n\t\t\t#gallery-6 .gallery-item {\n\t\t\t\tfloat: left;\n\t\t\t\tmargin-top: 10px;\n\t\t\t\ttext-align: center;\n\t\t\t\twidth: 33%;\n\t\t\t}\n\t\t\t#gallery-6 img {\n\t\t\t\tborder: 2px solid #cfcfcf;\n\t\t\t}\n\t\t\t#gallery-6 .gallery-caption {\n\t\t\t\tmargin-left: 0;\n\t\t\t}\n\t\t\t\/* see gallery_shortcode() in wp-includes\/media.php *\/\n\t\t<\/style>\n\t\t<div id='gallery-6' class='gallery galleryid-15236 gallery-columns-3 gallery-size-thumbnail'><dl class='gallery-item'>\n\t\t\t<dt class='gallery-icon landscape'>\n\t\t\t\t<a href='https:\/\/www.vs-seubersdorf.de\/schulpage\/wp-content\/uploads\/2017\/10\/Musikalische-Umrahmung-001.jpg'><img width=\"150\" height=\"150\" src=\"https:\/\/www.vs-seubersdorf.de\/schulpage\/wp-content\/uploads\/2017\/10\/Musikalische-Umrahmung-001-150x150.jpg\" class=\"attachment-thumbnail size-thumbnail\" alt=\"\" decoding=\"async\" loading=\"lazy\" \/><\/a>\n\t\t\t<\/dt><\/dl><dl class='gallery-item'>\n\t\t\t<dt class='gallery-icon landscape'>\n\t\t\t\t<a href='https:\/\/www.vs-seubersdorf.de\/schulpage\/wp-content\/uploads\/2017\/10\/Musikalische-Umrahmung-003.jpg'><img width=\"150\" height=\"150\" src=\"https:\/\/www.vs-seubersdorf.de\/schulpage\/wp-content\/uploads\/2017\/10\/Musikalische-Umrahmung-003-150x150.jpg\" class=\"attachment-thumbnail size-thumbnail\" alt=\"\" decoding=\"async\" loading=\"lazy\" \/><\/a>\n\t\t\t<\/dt><\/dl><dl class='gallery-item'>\n\t\t\t<dt class='gallery-icon landscape'>\n\t\t\t\t<a href='https:\/\/www.vs-seubersdorf.de\/schulpage\/wp-content\/uploads\/2017\/10\/Musikalische-Umrahmung-002.jpg'><img width=\"150\" height=\"150\" src=\"https:\/\/www.vs-seubersdorf.de\/schulpage\/wp-content\/uploads\/2017\/10\/Musikalische-Umrahmung-002-150x150.jpg\" class=\"attachment-thumbnail size-thumbnail\" alt=\"\" decoding=\"async\" loading=\"lazy\" \/><\/a>\n\t\t\t<\/dt><\/dl><br style=\"clear: both\" \/>\n\t\t<\/div>\n\n<p>&nbsp;<\/p>\n","protected":false},"excerpt":{"rendered":"<p>\u00a0An der Mittelschule Seubersdorf tasten sich Sch\u00fcler an die Berufswelt heran. Die Ergebnisse sind bemerkenswert. Mit einer Reihe von Projekten&#46;&#46;&#46;<\/p>\n","protected":false},"author":2,"featured_media":15238,"comment_status":"closed","ping_status":"closed","sticky":false,"template":"","format":"standard","meta":{"footnotes":""},"categories":[4,7],"tags":[177,178],"_links":{"self":[{"href":"https:\/\/www.vs-seubersdorf.de\/schulpage\/index.php?rest_route=\/wp\/v2\/posts\/15236"}],"collection":[{"href":"https:\/\/www.vs-seubersdorf.de\/schulpage\/index.php?rest_route=\/wp\/v2\/posts"}],"about":[{"href":"https:\/\/www.vs-seubersdorf.de\/schulpage\/index.php?rest_route=\/wp\/v2\/types\/post"}],"author":[{"embeddable":true,"href":"https:\/\/www.vs-seubersdorf.de\/schulpage\/index.php?rest_route=\/wp\/v2\/users\/2"}],"replies":[{"embeddable":true,"href":"https:\/\/www.vs-seubersdorf.de\/schulpage\/index.php?rest_route=%2Fwp%2Fv2%2Fcomments&post=15236"}],"version-history":[{"count":0,"href":"https:\/\/www.vs-seubersdorf.de\/schulpage\/index.php?rest_route=\/wp\/v2\/posts\/15236\/revisions"}],"wp:featuredmedia":[{"embeddable":true,"href":"https:\/\/www.vs-seubersdorf.de\/schulpage\/index.php?rest_route=\/wp\/v2\/media\/15238"}],"wp:attachment":[{"href":"https:\/\/www.vs-seubersdorf.de\/schulpage\/index.php?rest_route=%2Fwp%2Fv2%2Fmedia&parent=15236"}],"wp:term":[{"taxonomy":"category","embeddable":true,"href":"https:\/\/www.vs-seubersdorf.de\/schulpage\/index.php?rest_route=%2Fwp%2Fv2%2Fcategories&post=15236"},{"taxonomy":"post_tag","embeddable":true,"href":"https:\/\/www.vs-seubersdorf.de\/schulpage\/index.php?rest_route=%2Fwp%2Fv2%2Ftags&post=15236"}],"curies":[{"name":"wp","href":"https:\/\/api.w.org\/{rel}","templated":true}]}}