{"id":13969,"date":"2016-07-17T19:44:21","date_gmt":"2016-07-17T18:44:21","guid":{"rendered":"http:\/\/www.vs-seubersdorf.de\/schulpage\/?p=13969"},"modified":"2016-07-17T19:44:21","modified_gmt":"2016-07-17T18:44:21","slug":"abschlussfahrt-der-9-klasse","status":"publish","type":"post","link":"https:\/\/www.vs-seubersdorf.de\/schulpage\/?p=13969","title":{"rendered":"Abschlussfahrt der 9. Klasse"},"content":{"rendered":"<p><img decoding=\"async\" loading=\"lazy\" class=\"alignnone size-full wp-image-13970\" src=\"https:\/\/www.vs-seubersdorf.de\/schulpage\/wp-content\/uploads\/2016\/07\/Abschlussfahrt.jpg\" alt=\"Abschlussfahrt\" width=\"501\" height=\"243\" srcset=\"https:\/\/www.vs-seubersdorf.de\/schulpage\/wp-content\/uploads\/2016\/07\/Abschlussfahrt.jpg 501w, https:\/\/www.vs-seubersdorf.de\/schulpage\/wp-content\/uploads\/2016\/07\/Abschlussfahrt-300x146.jpg 300w\" sizes=\"(max-width: 501px) 100vw, 501px\" \/><\/p>\n<p>Das Ziel der Abschlussfahrt waren der Gardasee und Venedig. Ein kurzer Reisebericht vermittelt einen Eindruck von der letzten gemeinsamen Unternehmung unserer Neuntkl\u00e4ssler.<strong><br \/>\n<\/strong><\/p>\n<p><!--more--><\/p>\n<p><strong><u>Montag, 11. Juli<\/u><\/strong><\/p>\n<p>Start der Klassenfahrt! 06.45 Uhr der Bus ist da! Mit Peter, dem netten Busfahrer! Nach und nach kommen alle Sch\u00fclerinnen und Sch\u00fcler und alles wird in den sehr sch\u00f6nen, neuen und klimatisierten Bus verladen. Abfahrt 07.00 Uhr, Ankunft 16.30 Uhr in Bussolengo am Hotel Gardesano. Zimmer beziehen, Hotelgel\u00e4nde erkunden, Pool von innen inspizieren und Abendessen um 20.30 Uhr.<\/p>\n<p><strong><u>Dienstag, 12. Juli<\/u><\/strong><\/p>\n<p>Die erste Nacht liegt hinter uns. Heute stand VENEDIG auf dem Plan. Abfahrt um 09.15 Uhr. Der Bus fuhr uns vor die Tore Venedigs und ein Boot brachte uns zum Markusplatz. Wir hatten ein wenig Zeit, um uns ein kleines Mittagessen zu besorgen, dann gab es eine Stadtf\u00fchrung, die uns an unsere Grenzen brachte, da es 40\u00b0C im Schatten war und sich die Luft in den Gassen staute. Wie froh waren wir, um 16.00 Uhr wieder in unserem klimatisierten Bus zu sitzen. Ankunft am Hotel: ab in den Pool, um 20.00 Uhr Abendessen \u2013 das kam uns merkw\u00fcrdig bekannt vor\u2026\u00a0 Danach Poolparty mit Polonaise und den einschl\u00e4gigen Hits.<\/p>\n<p><strong><u>Mittwoch, 13. Juli<\/u><\/strong><\/p>\n<p>Planm\u00e4\u00dfige Fahrt nach Sirmione, Halbinsel im Gardasee. Shoppen, baden im See, Pizzaessen vom Geld der Klassenkasse, dann eine halbe Stunde Speedboot fahren \u2013 ein echtes Abenteuer! Insgesamt ein sehr entspannter Tag. Das tat auch wirklich gut nach dem kr\u00e4ftezehrenden Venedig-Trip. Heute durften wir schon um 19.00 Uhr Abendessen! Aber auch heute: nichts Neues\u2026 Danach Freizeit und Pool. M\u00f6glichkeiten zum Kontaktkn\u00fcpfen gab es reichlich! Es waren noch sooooo viele andere Klassen da!<\/p>\n<p><strong><u>Donnerstag, 14. Juli<\/u><\/strong><\/p>\n<p>GARDALAND steht in \u00fcbergro\u00dfen Buchstaben vor dem in See N\u00e4he befindlichen Freizeitpark. Zusammen mit Sealife was das ein echt gelungener Tag: Achterbahnen, Freefall u.v.m. begeisterten die Kids. Herr H\u00f6hlig gewann beim Dosenwerfen einen Affen (Donkey Kong), der mit gro\u00dfer Begeisterung in die Sch\u00fclergruppe aufgenommen wurde und sofort zahlreiche willige Monkey-Sitter fand. J Zur\u00fcck im Hotel: Abendessen (heute sogar mal lecker!), Pool und um der Langeweile entgegenzuwirken gab es f\u00fcr einige wenige Beteiligte ein kleines Kriminalspiel, bei dem Miss Marple\u2018s (Fr. Hocks-Meyer) und Sherlock Holmes\u2018 (Herr H\u00f6hlig) Gesp\u00fcr f\u00fcr die Wahrheit gefragt war. Die Beschuldigten konnten nach Befragung und Gegen\u00fcberstellung erfolgreich ermittelt werden. Die verschwundene Bluetooth-Box\u00a0 kam zur\u00fcck zu ihrem rechtm\u00e4\u00dfigen Besitzer. Alle waren am Ende hoch zufrieden, das Spiel gewonnen zu haben.<\/p>\n<p><strong><u>Freitag, 15. Juli<\/u><\/strong><\/p>\n<p>Heute ging es zur\u00fcck nach Hause: Wecken 07.00 Uhr, Fr\u00fchst\u00fcck 08.00 Uhr, Abfahrt 09.00 Uhr. Dazwischen packen und die Zimmer grob reinigen. Auf der R\u00fcckfahrt waren alle recht m\u00fcde und entsprechend ruhig war es im Bus. \u00a0Ankunft 18.30 Uhr in Seubersdorf.<\/p>\n<p><strong><u>Fazit:<\/u><\/strong> Die Fahrt war insgesamt sehr lohnenswert. Wir hatten durchgehend sch\u00f6nes und warmes Wetter (immer \u00fcber 30\u00b0). Venedig war toll, die Hitze dort nicht. Sirmione und besonders die Fahrt mit dem Speedboot waren \u201eGEIL\u201c! Gardaland war SUPER!!!!\u00a0 (chm)<\/p>\n\n\t\t<style>\n\t\t\t#gallery-1 {\n\t\t\t\tmargin: auto;\n\t\t\t}\n\t\t\t#gallery-1 .gallery-item {\n\t\t\t\tfloat: left;\n\t\t\t\tmargin-top: 10px;\n\t\t\t\ttext-align: center;\n\t\t\t\twidth: 33%;\n\t\t\t}\n\t\t\t#gallery-1 img {\n\t\t\t\tborder: 2px solid #cfcfcf;\n\t\t\t}\n\t\t\t#gallery-1 .gallery-caption {\n\t\t\t\tmargin-left: 0;\n\t\t\t}\n\t\t\t\/* see gallery_shortcode() in wp-includes\/media.php *\/\n\t\t<\/style>\n\t\t<div id='gallery-1' class='gallery galleryid-13969 gallery-columns-3 gallery-size-thumbnail'><dl class='gallery-item'>\n\t\t\t<dt class='gallery-icon landscape'>\n\t\t\t\t<a href='https:\/\/www.vs-seubersdorf.de\/schulpage\/wp-content\/uploads\/2016\/07\/Abschlussfahrt001.jpg'><img width=\"150\" height=\"150\" src=\"https:\/\/www.vs-seubersdorf.de\/schulpage\/wp-content\/uploads\/2016\/07\/Abschlussfahrt001-150x150.jpg\" class=\"attachment-thumbnail size-thumbnail\" alt=\"\" decoding=\"async\" loading=\"lazy\" \/><\/a>\n\t\t\t<\/dt><\/dl><dl class='gallery-item'>\n\t\t\t<dt class='gallery-icon landscape'>\n\t\t\t\t<a href='https:\/\/www.vs-seubersdorf.de\/schulpage\/wp-content\/uploads\/2016\/07\/Abschlussfahrt002.jpg'><img width=\"150\" height=\"150\" src=\"https:\/\/www.vs-seubersdorf.de\/schulpage\/wp-content\/uploads\/2016\/07\/Abschlussfahrt002-150x150.jpg\" class=\"attachment-thumbnail size-thumbnail\" alt=\"\" decoding=\"async\" loading=\"lazy\" \/><\/a>\n\t\t\t<\/dt><\/dl><dl class='gallery-item'>\n\t\t\t<dt class='gallery-icon landscape'>\n\t\t\t\t<a href='https:\/\/www.vs-seubersdorf.de\/schulpage\/wp-content\/uploads\/2016\/07\/Abschlussfahrt003.jpg'><img width=\"150\" height=\"150\" src=\"https:\/\/www.vs-seubersdorf.de\/schulpage\/wp-content\/uploads\/2016\/07\/Abschlussfahrt003-150x150.jpg\" class=\"attachment-thumbnail size-thumbnail\" alt=\"\" decoding=\"async\" loading=\"lazy\" \/><\/a>\n\t\t\t<\/dt><\/dl><br style=\"clear: both\" \/><dl class='gallery-item'>\n\t\t\t<dt class='gallery-icon landscape'>\n\t\t\t\t<a href='https:\/\/www.vs-seubersdorf.de\/schulpage\/wp-content\/uploads\/2016\/07\/Abschlussfahrt004.jpg'><img width=\"150\" height=\"150\" src=\"https:\/\/www.vs-seubersdorf.de\/schulpage\/wp-content\/uploads\/2016\/07\/Abschlussfahrt004-150x150.jpg\" class=\"attachment-thumbnail size-thumbnail\" alt=\"\" decoding=\"async\" loading=\"lazy\" \/><\/a>\n\t\t\t<\/dt><\/dl><dl class='gallery-item'>\n\t\t\t<dt class='gallery-icon landscape'>\n\t\t\t\t<a href='https:\/\/www.vs-seubersdorf.de\/schulpage\/wp-content\/uploads\/2016\/07\/Abschlussfahrt005.jpg'><img width=\"150\" height=\"150\" src=\"https:\/\/www.vs-seubersdorf.de\/schulpage\/wp-content\/uploads\/2016\/07\/Abschlussfahrt005-150x150.jpg\" class=\"attachment-thumbnail size-thumbnail\" alt=\"\" decoding=\"async\" loading=\"lazy\" \/><\/a>\n\t\t\t<\/dt><\/dl><dl class='gallery-item'>\n\t\t\t<dt class='gallery-icon portrait'>\n\t\t\t\t<a href='https:\/\/www.vs-seubersdorf.de\/schulpage\/wp-content\/uploads\/2016\/07\/Abschlussfahrt006.jpg'><img width=\"150\" height=\"150\" src=\"https:\/\/www.vs-seubersdorf.de\/schulpage\/wp-content\/uploads\/2016\/07\/Abschlussfahrt006-150x150.jpg\" class=\"attachment-thumbnail size-thumbnail\" alt=\"\" decoding=\"async\" loading=\"lazy\" \/><\/a>\n\t\t\t<\/dt><\/dl><br style=\"clear: both\" \/><dl class='gallery-item'>\n\t\t\t<dt class='gallery-icon landscape'>\n\t\t\t\t<a href='https:\/\/www.vs-seubersdorf.de\/schulpage\/wp-content\/uploads\/2016\/07\/Abschlussfahrt007.jpg'><img width=\"150\" height=\"150\" src=\"https:\/\/www.vs-seubersdorf.de\/schulpage\/wp-content\/uploads\/2016\/07\/Abschlussfahrt007-150x150.jpg\" class=\"attachment-thumbnail size-thumbnail\" alt=\"\" decoding=\"async\" loading=\"lazy\" \/><\/a>\n\t\t\t<\/dt><\/dl><dl class='gallery-item'>\n\t\t\t<dt class='gallery-icon landscape'>\n\t\t\t\t<a href='https:\/\/www.vs-seubersdorf.de\/schulpage\/wp-content\/uploads\/2016\/07\/Abschlussfahrt008.jpg'><img width=\"150\" height=\"150\" src=\"https:\/\/www.vs-seubersdorf.de\/schulpage\/wp-content\/uploads\/2016\/07\/Abschlussfahrt008-150x150.jpg\" class=\"attachment-thumbnail size-thumbnail\" alt=\"\" decoding=\"async\" loading=\"lazy\" \/><\/a>\n\t\t\t<\/dt><\/dl><dl class='gallery-item'>\n\t\t\t<dt class='gallery-icon landscape'>\n\t\t\t\t<a href='https:\/\/www.vs-seubersdorf.de\/schulpage\/wp-content\/uploads\/2016\/07\/Abschlussfahrt009.jpg'><img width=\"150\" height=\"150\" src=\"https:\/\/www.vs-seubersdorf.de\/schulpage\/wp-content\/uploads\/2016\/07\/Abschlussfahrt009-150x150.jpg\" class=\"attachment-thumbnail size-thumbnail\" alt=\"\" decoding=\"async\" loading=\"lazy\" \/><\/a>\n\t\t\t<\/dt><\/dl><br style=\"clear: both\" \/>\n\t\t<\/div>\n\n","protected":false},"excerpt":{"rendered":"<p>Das Ziel der Abschlussfahrt waren der Gardasee und Venedig. Ein kurzer Reisebericht vermittelt einen Eindruck von der letzten gemeinsamen Unternehmung&#46;&#46;&#46;<\/p>\n","protected":false},"author":2,"featured_media":0,"comment_status":"closed","ping_status":"closed","sticky":false,"template":"","format":"standard","meta":{"footnotes":""},"categories":[4,3],"tags":[151],"_links":{"self":[{"href":"https:\/\/www.vs-seubersdorf.de\/schulpage\/index.php?rest_route=\/wp\/v2\/posts\/13969"}],"collection":[{"href":"https:\/\/www.vs-seubersdorf.de\/schulpage\/index.php?rest_route=\/wp\/v2\/posts"}],"about":[{"href":"https:\/\/www.vs-seubersdorf.de\/schulpage\/index.php?rest_route=\/wp\/v2\/types\/post"}],"author":[{"embeddable":true,"href":"https:\/\/www.vs-seubersdorf.de\/schulpage\/index.php?rest_route=\/wp\/v2\/users\/2"}],"replies":[{"embeddable":true,"href":"https:\/\/www.vs-seubersdorf.de\/schulpage\/index.php?rest_route=%2Fwp%2Fv2%2Fcomments&post=13969"}],"version-history":[{"count":0,"href":"https:\/\/www.vs-seubersdorf.de\/schulpage\/index.php?rest_route=\/wp\/v2\/posts\/13969\/revisions"}],"wp:attachment":[{"href":"https:\/\/www.vs-seubersdorf.de\/schulpage\/index.php?rest_route=%2Fwp%2Fv2%2Fmedia&parent=13969"}],"wp:term":[{"taxonomy":"category","embeddable":true,"href":"https:\/\/www.vs-seubersdorf.de\/schulpage\/index.php?rest_route=%2Fwp%2Fv2%2Fcategories&post=13969"},{"taxonomy":"post_tag","embeddable":true,"href":"https:\/\/www.vs-seubersdorf.de\/schulpage\/index.php?rest_route=%2Fwp%2Fv2%2Ftags&post=13969"}],"curies":[{"name":"wp","href":"https:\/\/api.w.org\/{rel}","templated":true}]}}