{"id":13598,"date":"2016-03-17T13:03:41","date_gmt":"2016-03-17T12:03:41","guid":{"rendered":"http:\/\/www.vs-seubersdorf.de\/schulpage\/?p=13598"},"modified":"2016-03-17T13:03:41","modified_gmt":"2016-03-17T12:03:41","slug":"benimm-ist-in-auch-heute-noch","status":"publish","type":"post","link":"https:\/\/www.vs-seubersdorf.de\/schulpage\/?p=13598","title":{"rendered":"\u201eBenimm ist in!\u201c \u2013 auch heute noch?"},"content":{"rendered":"<p><img decoding=\"async\" loading=\"lazy\" class=\"alignnone size-full wp-image-13614\" src=\"https:\/\/www.vs-seubersdorf.de\/schulpage\/wp-content\/uploads\/2016\/03\/Benimm-ist-in.jpg\" alt=\"Benimm ist in\" width=\"501\" height=\"237\" srcset=\"https:\/\/www.vs-seubersdorf.de\/schulpage\/wp-content\/uploads\/2016\/03\/Benimm-ist-in.jpg 501w, https:\/\/www.vs-seubersdorf.de\/schulpage\/wp-content\/uploads\/2016\/03\/Benimm-ist-in-300x142.jpg 300w\" sizes=\"(max-width: 501px) 100vw, 501px\" \/><\/p>\n<p>Mit der Frage \u201eIst gutes Benehmen noch zeitgem\u00e4\u00df?\u201c besch\u00e4ftigten sich die Sch\u00fclerinnen und Sch\u00fcler der achten und neunten Klassen in einem Workshop. Dieser ist auch ein wichtiger Baustein des Berufsorientierungskonzepts sowie der Werte- und Sozialerziehung der Mittelschule Seubersdorf.<\/p>\n<p><!--more--><\/p>\n<p>Referentin des Benimmseminars, das von der Hanns-Seidl-Stiftung veranstaltet wurde, war die Sozialp\u00e4dagogin Siglinde Seidler- Rie\u00df. Im Unterrichtsgespr\u00e4ch und mit zahlreichen praktischen Beispielen machte sie den Jugendlichen bewusst, dass gutes Benehmen sowohl im privaten als auch im gesellschaftlichen Bereich, ganz besonders aber im Arbeitsleben eine bedeutende Rolle spielt.<\/p>\n<p>Die Sch\u00fcler lernten, was K\u00f6rpersprache verr\u00e4t und welche Kleidung f\u00fcr bestimmte Anl\u00e4sse angemessen ist. Auch f\u00fcr sie noch fremde Situationen wie das Verhalten bei einem Stehempfang wurden thematisiert. In Rollenspielen und mit praktischen \u00dcbungen wurde trainiert, wie man sich vorstellt und Kollegen oder Vorgesetzte begr\u00fc\u00dft. Frau Seidler-Rie\u00df betonte, dass bei einer Begegnung vor allem der erste Eindruck z\u00e4hle. Z. B. bei einem Vorstellungsgespr\u00e4ch seien Eintreten, Begr\u00fc\u00dfung, H\u00e4ndedruck und Platznehmen nur nach Aufforderung schon die erste Gelegenheit, einen guten Eindruck zu machen. Das Benehmen bei Tisch wurde ebenso angesprochen wie das Verhalten am Telefon oder beim E-Mail-Kontakt sowie die Frage, wen man duzen darf oder siezen muss. (me)<\/p>\n\n\t\t<style>\n\t\t\t#gallery-1 {\n\t\t\t\tmargin: auto;\n\t\t\t}\n\t\t\t#gallery-1 .gallery-item {\n\t\t\t\tfloat: left;\n\t\t\t\tmargin-top: 10px;\n\t\t\t\ttext-align: center;\n\t\t\t\twidth: 33%;\n\t\t\t}\n\t\t\t#gallery-1 img {\n\t\t\t\tborder: 2px solid #cfcfcf;\n\t\t\t}\n\t\t\t#gallery-1 .gallery-caption {\n\t\t\t\tmargin-left: 0;\n\t\t\t}\n\t\t\t\/* see gallery_shortcode() in wp-includes\/media.php *\/\n\t\t<\/style>\n\t\t<div id='gallery-1' class='gallery galleryid-13598 gallery-columns-3 gallery-size-thumbnail'><dl class='gallery-item'>\n\t\t\t<dt class='gallery-icon landscape'>\n\t\t\t\t<a href='https:\/\/www.vs-seubersdorf.de\/schulpage\/wp-content\/uploads\/2016\/03\/Benimm-ist-in01.jpg'><img width=\"150\" height=\"150\" src=\"https:\/\/www.vs-seubersdorf.de\/schulpage\/wp-content\/uploads\/2016\/03\/Benimm-ist-in01-150x150.jpg\" class=\"attachment-thumbnail size-thumbnail\" alt=\"\" decoding=\"async\" loading=\"lazy\" \/><\/a>\n\t\t\t<\/dt><\/dl><dl class='gallery-item'>\n\t\t\t<dt class='gallery-icon landscape'>\n\t\t\t\t<a href='https:\/\/www.vs-seubersdorf.de\/schulpage\/wp-content\/uploads\/2016\/03\/Benimm-ist-in02.jpg'><img width=\"150\" height=\"150\" src=\"https:\/\/www.vs-seubersdorf.de\/schulpage\/wp-content\/uploads\/2016\/03\/Benimm-ist-in02-150x150.jpg\" class=\"attachment-thumbnail size-thumbnail\" alt=\"\" decoding=\"async\" loading=\"lazy\" \/><\/a>\n\t\t\t<\/dt><\/dl><dl class='gallery-item'>\n\t\t\t<dt class='gallery-icon landscape'>\n\t\t\t\t<a href='https:\/\/www.vs-seubersdorf.de\/schulpage\/wp-content\/uploads\/2016\/03\/Benimm-ist-in03.jpg'><img width=\"150\" height=\"150\" src=\"https:\/\/www.vs-seubersdorf.de\/schulpage\/wp-content\/uploads\/2016\/03\/Benimm-ist-in03-150x150.jpg\" class=\"attachment-thumbnail size-thumbnail\" alt=\"\" decoding=\"async\" loading=\"lazy\" \/><\/a>\n\t\t\t<\/dt><\/dl><br style=\"clear: both\" \/><dl class='gallery-item'>\n\t\t\t<dt class='gallery-icon landscape'>\n\t\t\t\t<a href='https:\/\/www.vs-seubersdorf.de\/schulpage\/wp-content\/uploads\/2016\/03\/Benimm-ist-in04.jpg'><img width=\"150\" height=\"150\" src=\"https:\/\/www.vs-seubersdorf.de\/schulpage\/wp-content\/uploads\/2016\/03\/Benimm-ist-in04-150x150.jpg\" class=\"attachment-thumbnail size-thumbnail\" alt=\"\" decoding=\"async\" loading=\"lazy\" \/><\/a>\n\t\t\t<\/dt><\/dl><dl class='gallery-item'>\n\t\t\t<dt class='gallery-icon landscape'>\n\t\t\t\t<a href='https:\/\/www.vs-seubersdorf.de\/schulpage\/wp-content\/uploads\/2016\/03\/Benimm-ist-in05.jpg'><img width=\"150\" height=\"150\" src=\"https:\/\/www.vs-seubersdorf.de\/schulpage\/wp-content\/uploads\/2016\/03\/Benimm-ist-in05-150x150.jpg\" class=\"attachment-thumbnail size-thumbnail\" alt=\"\" decoding=\"async\" loading=\"lazy\" \/><\/a>\n\t\t\t<\/dt><\/dl><dl class='gallery-item'>\n\t\t\t<dt class='gallery-icon landscape'>\n\t\t\t\t<a href='https:\/\/www.vs-seubersdorf.de\/schulpage\/wp-content\/uploads\/2016\/03\/Benimm-ist-in06.jpg'><img width=\"150\" height=\"150\" src=\"https:\/\/www.vs-seubersdorf.de\/schulpage\/wp-content\/uploads\/2016\/03\/Benimm-ist-in06-150x150.jpg\" class=\"attachment-thumbnail size-thumbnail\" alt=\"\" decoding=\"async\" loading=\"lazy\" \/><\/a>\n\t\t\t<\/dt><\/dl><br style=\"clear: both\" \/>\n\t\t<\/div>\n\n","protected":false},"excerpt":{"rendered":"<p>Mit der Frage \u201eIst gutes Benehmen noch zeitgem\u00e4\u00df?\u201c besch\u00e4ftigten sich die Sch\u00fclerinnen und Sch\u00fcler der achten und neunten Klassen in&#46;&#46;&#46;<\/p>\n","protected":false},"author":2,"featured_media":0,"comment_status":"closed","ping_status":"closed","sticky":false,"template":"","format":"standard","meta":{"footnotes":""},"categories":[4,7],"tags":[151,146,147],"_links":{"self":[{"href":"https:\/\/www.vs-seubersdorf.de\/schulpage\/index.php?rest_route=\/wp\/v2\/posts\/13598"}],"collection":[{"href":"https:\/\/www.vs-seubersdorf.de\/schulpage\/index.php?rest_route=\/wp\/v2\/posts"}],"about":[{"href":"https:\/\/www.vs-seubersdorf.de\/schulpage\/index.php?rest_route=\/wp\/v2\/types\/post"}],"author":[{"embeddable":true,"href":"https:\/\/www.vs-seubersdorf.de\/schulpage\/index.php?rest_route=\/wp\/v2\/users\/2"}],"replies":[{"embeddable":true,"href":"https:\/\/www.vs-seubersdorf.de\/schulpage\/index.php?rest_route=%2Fwp%2Fv2%2Fcomments&post=13598"}],"version-history":[{"count":0,"href":"https:\/\/www.vs-seubersdorf.de\/schulpage\/index.php?rest_route=\/wp\/v2\/posts\/13598\/revisions"}],"wp:attachment":[{"href":"https:\/\/www.vs-seubersdorf.de\/schulpage\/index.php?rest_route=%2Fwp%2Fv2%2Fmedia&parent=13598"}],"wp:term":[{"taxonomy":"category","embeddable":true,"href":"https:\/\/www.vs-seubersdorf.de\/schulpage\/index.php?rest_route=%2Fwp%2Fv2%2Fcategories&post=13598"},{"taxonomy":"post_tag","embeddable":true,"href":"https:\/\/www.vs-seubersdorf.de\/schulpage\/index.php?rest_route=%2Fwp%2Fv2%2Ftags&post=13598"}],"curies":[{"name":"wp","href":"https:\/\/api.w.org\/{rel}","templated":true}]}}