{"id":13597,"date":"2016-03-17T13:01:24","date_gmt":"2016-03-17T12:01:24","guid":{"rendered":"http:\/\/www.vs-seubersdorf.de\/schulpage\/?p=13597"},"modified":"2016-03-17T13:01:35","modified_gmt":"2016-03-17T12:01:35","slug":"ag-soziale-arbeit-in-der-altenpflegeschule-neumarkt","status":"publish","type":"post","link":"https:\/\/www.vs-seubersdorf.de\/schulpage\/?p=13597","title":{"rendered":"AG Soziale Arbeit in der Altenpflegeschule Neumarkt"},"content":{"rendered":"<p><img decoding=\"async\" loading=\"lazy\" class=\"alignnone size-full wp-image-13607\" src=\"https:\/\/www.vs-seubersdorf.de\/schulpage\/wp-content\/uploads\/2016\/03\/Altenpflegeschule.jpg\" alt=\"Altenpflegeschule\" width=\"501\" height=\"230\" srcset=\"https:\/\/www.vs-seubersdorf.de\/schulpage\/wp-content\/uploads\/2016\/03\/Altenpflegeschule.jpg 501w, https:\/\/www.vs-seubersdorf.de\/schulpage\/wp-content\/uploads\/2016\/03\/Altenpflegeschule-300x138.jpg 300w\" sizes=\"(max-width: 501px) 100vw, 501px\" \/><\/p>\n<p>Am Dienstag den 15.03.2016 durften wir, die AG Soziale Arbeit, die Altenpflegeschule des BFZ in Neumarkt besuchen.<\/p>\n<p><!--more--><\/p>\n<p>Am Anfang des Besuches wurden wir durch Frau Lux-Reif freundlich begr\u00fc\u00dft und wir erhielten erste Einblicke in den Beruf des Altenpflegers durch eine Powerpointpr\u00e4sentation. Danach wurden uns von Azubis der einj\u00e4hrigen Ausbildung die praktischen sowie die theoretischen Ausbildungsinhalte erkl\u00e4rt, sowie wir \u00fcber die Weiterbildungsm\u00f6glichkeiten informiert. Anschlie\u00dfend erhielten wir eine F\u00fchrung durch das ehemalige, frisch renovierte Express Fabrikgeb\u00e4ude, in dem sich jetzt die Altenpflegeschule und das bekannte Maybach-Museum befinden. Zun\u00e4chst wurden wir in Vierergruppen aufgeteilt und wir durften an verschiedenen Workshops teilnehmen. Zum Beispiel konnten wir in einen Alterssimulationsanzug, der auch liebevoll \u201eGerd\u201c genannt wird schl\u00fcpfen, um zu ersp\u00fcren, wie sich das Alter anf\u00fchlt, sich die Bewegungen verlangsamen und das Sehverm\u00f6gen schlechter wird. Beliebt war der Workshop \u201eHandmassage\u201c, in dem wir selber erfahren durften, wie beruhigend so eine Massage sein kann. Im Workshop \u201eWeggehmalen\u201c erfuhren wir, wie Demenzkranke mit Malen und Gehen zur Ruhe kommen k\u00f6nnen.<\/p>\n<p>Zum Schluss bedankten sich zwei Sch\u00fclerinnen der 9. Klasse bei den f\u00fcr den interessanten und informativen Vormittag. Danach hatten wir noch einmal Gelegenheit zu sagen, was uns besonders gut gefallen hat. Im R\u00fcckblick war es eine gelungene und interessante Exkursion ins BFZ f\u00fcr Altenpflege.<\/p>\n<p style=\"text-align: right;\">(Franz-Josef W\u00f6lfl, Max Burger, Josef Stephan)<\/p>\n\n\t\t<style>\n\t\t\t#gallery-1 {\n\t\t\t\tmargin: auto;\n\t\t\t}\n\t\t\t#gallery-1 .gallery-item {\n\t\t\t\tfloat: left;\n\t\t\t\tmargin-top: 10px;\n\t\t\t\ttext-align: center;\n\t\t\t\twidth: 33%;\n\t\t\t}\n\t\t\t#gallery-1 img {\n\t\t\t\tborder: 2px solid #cfcfcf;\n\t\t\t}\n\t\t\t#gallery-1 .gallery-caption {\n\t\t\t\tmargin-left: 0;\n\t\t\t}\n\t\t\t\/* see gallery_shortcode() in wp-includes\/media.php *\/\n\t\t<\/style>\n\t\t<div id='gallery-1' class='gallery galleryid-13597 gallery-columns-3 gallery-size-thumbnail'><dl class='gallery-item'>\n\t\t\t<dt class='gallery-icon landscape'>\n\t\t\t\t<a href='https:\/\/www.vs-seubersdorf.de\/schulpage\/wp-content\/uploads\/2016\/03\/Altenpflegeschule01.jpg'><img width=\"150\" height=\"150\" src=\"https:\/\/www.vs-seubersdorf.de\/schulpage\/wp-content\/uploads\/2016\/03\/Altenpflegeschule01-150x150.jpg\" class=\"attachment-thumbnail size-thumbnail\" alt=\"\" decoding=\"async\" loading=\"lazy\" \/><\/a>\n\t\t\t<\/dt><\/dl><dl class='gallery-item'>\n\t\t\t<dt class='gallery-icon landscape'>\n\t\t\t\t<a href='https:\/\/www.vs-seubersdorf.de\/schulpage\/wp-content\/uploads\/2016\/03\/Altenpflegeschule02.jpg'><img width=\"150\" height=\"150\" src=\"https:\/\/www.vs-seubersdorf.de\/schulpage\/wp-content\/uploads\/2016\/03\/Altenpflegeschule02-150x150.jpg\" class=\"attachment-thumbnail size-thumbnail\" alt=\"\" decoding=\"async\" loading=\"lazy\" \/><\/a>\n\t\t\t<\/dt><\/dl><dl class='gallery-item'>\n\t\t\t<dt class='gallery-icon landscape'>\n\t\t\t\t<a href='https:\/\/www.vs-seubersdorf.de\/schulpage\/wp-content\/uploads\/2016\/03\/Altenpflegeschule03.jpg'><img width=\"150\" height=\"150\" src=\"https:\/\/www.vs-seubersdorf.de\/schulpage\/wp-content\/uploads\/2016\/03\/Altenpflegeschule03-150x150.jpg\" class=\"attachment-thumbnail size-thumbnail\" alt=\"\" decoding=\"async\" loading=\"lazy\" \/><\/a>\n\t\t\t<\/dt><\/dl><br style=\"clear: both\" \/><dl class='gallery-item'>\n\t\t\t<dt class='gallery-icon portrait'>\n\t\t\t\t<a href='https:\/\/www.vs-seubersdorf.de\/schulpage\/wp-content\/uploads\/2016\/03\/Altenpflegeschule04.jpg'><img width=\"150\" height=\"150\" src=\"https:\/\/www.vs-seubersdorf.de\/schulpage\/wp-content\/uploads\/2016\/03\/Altenpflegeschule04-150x150.jpg\" class=\"attachment-thumbnail size-thumbnail\" alt=\"\" decoding=\"async\" loading=\"lazy\" \/><\/a>\n\t\t\t<\/dt><\/dl><dl class='gallery-item'>\n\t\t\t<dt class='gallery-icon landscape'>\n\t\t\t\t<a href='https:\/\/www.vs-seubersdorf.de\/schulpage\/wp-content\/uploads\/2016\/03\/Altenpflegeschule05.jpg'><img width=\"150\" height=\"150\" src=\"https:\/\/www.vs-seubersdorf.de\/schulpage\/wp-content\/uploads\/2016\/03\/Altenpflegeschule05-150x150.jpg\" class=\"attachment-thumbnail size-thumbnail\" alt=\"\" decoding=\"async\" loading=\"lazy\" \/><\/a>\n\t\t\t<\/dt><\/dl><dl class='gallery-item'>\n\t\t\t<dt class='gallery-icon landscape'>\n\t\t\t\t<a href='https:\/\/www.vs-seubersdorf.de\/schulpage\/wp-content\/uploads\/2016\/03\/Altenpflegeschule06.jpg'><img width=\"150\" height=\"150\" src=\"https:\/\/www.vs-seubersdorf.de\/schulpage\/wp-content\/uploads\/2016\/03\/Altenpflegeschule06-150x150.jpg\" class=\"attachment-thumbnail size-thumbnail\" alt=\"\" decoding=\"async\" loading=\"lazy\" \/><\/a>\n\t\t\t<\/dt><\/dl><br style=\"clear: both\" \/>\n\t\t<\/div>\n\n","protected":false},"excerpt":{"rendered":"<p>Am Dienstag den 15.03.2016 durften wir, die AG Soziale Arbeit, die Altenpflegeschule des BFZ in Neumarkt besuchen.<\/p>\n","protected":false},"author":2,"featured_media":0,"comment_status":"closed","ping_status":"closed","sticky":false,"template":"","format":"standard","meta":{"footnotes":""},"categories":[7],"tags":[151,146,147],"_links":{"self":[{"href":"https:\/\/www.vs-seubersdorf.de\/schulpage\/index.php?rest_route=\/wp\/v2\/posts\/13597"}],"collection":[{"href":"https:\/\/www.vs-seubersdorf.de\/schulpage\/index.php?rest_route=\/wp\/v2\/posts"}],"about":[{"href":"https:\/\/www.vs-seubersdorf.de\/schulpage\/index.php?rest_route=\/wp\/v2\/types\/post"}],"author":[{"embeddable":true,"href":"https:\/\/www.vs-seubersdorf.de\/schulpage\/index.php?rest_route=\/wp\/v2\/users\/2"}],"replies":[{"embeddable":true,"href":"https:\/\/www.vs-seubersdorf.de\/schulpage\/index.php?rest_route=%2Fwp%2Fv2%2Fcomments&post=13597"}],"version-history":[{"count":0,"href":"https:\/\/www.vs-seubersdorf.de\/schulpage\/index.php?rest_route=\/wp\/v2\/posts\/13597\/revisions"}],"wp:attachment":[{"href":"https:\/\/www.vs-seubersdorf.de\/schulpage\/index.php?rest_route=%2Fwp%2Fv2%2Fmedia&parent=13597"}],"wp:term":[{"taxonomy":"category","embeddable":true,"href":"https:\/\/www.vs-seubersdorf.de\/schulpage\/index.php?rest_route=%2Fwp%2Fv2%2Fcategories&post=13597"},{"taxonomy":"post_tag","embeddable":true,"href":"https:\/\/www.vs-seubersdorf.de\/schulpage\/index.php?rest_route=%2Fwp%2Fv2%2Ftags&post=13597"}],"curies":[{"name":"wp","href":"https:\/\/api.w.org\/{rel}","templated":true}]}}