{"id":13353,"date":"2015-11-30T12:06:20","date_gmt":"2015-11-30T11:06:20","guid":{"rendered":"http:\/\/www.vs-seubersdorf.de\/schulpage\/?p=13353"},"modified":"2015-11-30T12:06:20","modified_gmt":"2015-11-30T11:06:20","slug":"dein-theater-kooperationsprojekt-theater-schule","status":"publish","type":"post","link":"https:\/\/www.vs-seubersdorf.de\/schulpage\/?p=13353","title":{"rendered":"&#8222;Dein THEATER!&#8220; &#8211; Kooperationsprojekt Theater &#038; Schule"},"content":{"rendered":"<p><a href=\"https:\/\/www.vs-seubersdorf.de\/schulpage\/wp-content\/uploads\/2015\/11\/Theaterkooperation.jpg\"><img decoding=\"async\" loading=\"lazy\" class=\"alignnone size-full wp-image-13354\" src=\"https:\/\/www.vs-seubersdorf.de\/schulpage\/wp-content\/uploads\/2015\/11\/Theaterkooperation.jpg\" alt=\"Theaterkooperation\" width=\"500\" height=\"233\" srcset=\"https:\/\/www.vs-seubersdorf.de\/schulpage\/wp-content\/uploads\/2015\/11\/Theaterkooperation.jpg 500w, https:\/\/www.vs-seubersdorf.de\/schulpage\/wp-content\/uploads\/2015\/11\/Theaterkooperation-300x140.jpg 300w\" sizes=\"(max-width: 500px) 100vw, 500px\" \/><\/a><\/p>\n<p>Am 26.11.2015 wurden im Theater Regensburg die neuen Kooperationsschulen vorgestellt. Und wir waren dabei &#8211; endlich!<\/p>\n<p><!--more--><\/p>\n<p>Nach der Begr\u00fc\u00dfung im Neuhaussaal durch Jens Neundorff von Enzberg (Intendant) und die Theaterp\u00e4dagogen Claudia Erl und Dr. Daniel Thierjung durften Sch\u00fcler und Lehrer zum Fototermin auf die B\u00fchne &#8211; mitten hinein in das B\u00fchnenbild \u201eIm wei\u00dfen R\u00f6ssl\u201c. Die Grundschule und Mittelschule Seubersdorf war durch Herrn Rektor Staudinger, Frau Lottner, Frau Rappl und Frau Schuster sowie durch Busenur Celik (M8a), David Carr (M8a), Theresa Bierschneider (9), Katrin Wein (9) und Deborah Schuster (9) vertreten.<\/p>\n<p>Nach dem Gemeinschaftsfoto gab es f\u00fcr alle interessierten Sch\u00fcler und Lehrer eine F\u00fchrung durch das Theater am Bismarckplatz. Ein Highlight war der Besuch im Kost\u00fcmfundus. Der Blick auf die langen Stangen mit Abendkleidern, Anz\u00fcgen und Kost\u00fcmen aller Art l\u00e4sst jedes (Frauen-)Herz h\u00f6her schlagen. Nach dem Anblick der Schuhregale (gef\u00fchlte 20 Meter lang und 3 Meter hoch) waren unsere M\u00e4dchen nicht mehr zu beruhigen. Von Highheels \u00fcber Stiefel bis zu Turnschuhen war alles in allen Farben und Gr\u00f6\u00dfen vorhanden. \u201eWir lassen uns einsperren und probieren die ganze Nacht lang Kleider und Schuhe!\u201c \u00fcberlegten die Sch\u00fclerinnen &#8211; was nat\u00fcrlich nicht m\u00f6glich war. Das Kooperationsprojekt beinhaltet, dass jeder Sch\u00fcler, jede Sch\u00fclerin mindestens einmal im Schuljahr eine Theatervorstellung zu Vorzugspreisen besuchen darf. Dabei werden die St\u00fccke mit Hilfe der Theaterp\u00e4dagogen in Workshops vor- und nachbereitet. Zus\u00e4tzlich d\u00fcrfen Sch\u00fclerInnen einen Blick hinter die Kulissen werfen und sich mit Schauspielern und Regisseuren austauschen. Die Schulen haben einen pers\u00f6nlichen Ansprechpartner am\u00a0Haus, werden direkt beraten und erhalten bereits im Sommer\u00a0einen Wunschzettel mit Terminen und\u00a0St\u00fcckempfehlungen\u00a0f\u00fcr die kommende Spielzeit. Dar\u00fcber hinaus werden die Sch\u00fcler bei ihrem Theaterbesuch theaterp\u00e4dagogisch betreut und\u00a0lernen auf diese\u00a0Weise das Theater in all seinen Facetten\u00a0kennen. Au\u00dferdem haben wir f\u00fcr die Sch\u00fcler und Lehrer der\u00a0\u201eDein:THEATER!\u201c-Schulen verschiedene\u00a0Sonderveranstaltungen im Programm, darunter beispielsweise einen Theaterf\u00fchrungstag f\u00fcr Grundschulen und einen Berufsinformationstag\u00a0f\u00fcr die\u00a0weiterf\u00fchrenden Schulen. (<a href=\"http:\/\/www.theater-regensburg.de\">www.theater-regensburg.de<\/a>). Die Kooperation soll Lust auf Theater machen und den Sch\u00fclern die Teilnahme am kulturellen Leben erm\u00f6glichen. (dl)<\/p>\n\n\t\t<style>\n\t\t\t#gallery-1 {\n\t\t\t\tmargin: auto;\n\t\t\t}\n\t\t\t#gallery-1 .gallery-item {\n\t\t\t\tfloat: left;\n\t\t\t\tmargin-top: 10px;\n\t\t\t\ttext-align: center;\n\t\t\t\twidth: 33%;\n\t\t\t}\n\t\t\t#gallery-1 img {\n\t\t\t\tborder: 2px solid #cfcfcf;\n\t\t\t}\n\t\t\t#gallery-1 .gallery-caption {\n\t\t\t\tmargin-left: 0;\n\t\t\t}\n\t\t\t\/* see gallery_shortcode() in wp-includes\/media.php *\/\n\t\t<\/style>\n\t\t<div id='gallery-1' class='gallery galleryid-13353 gallery-columns-3 gallery-size-thumbnail'><dl class='gallery-item'>\n\t\t\t<dt class='gallery-icon landscape'>\n\t\t\t\t<a href='https:\/\/www.vs-seubersdorf.de\/schulpage\/wp-content\/uploads\/2015\/11\/Theaterkooperation-1.jpg'><img width=\"150\" height=\"150\" src=\"https:\/\/www.vs-seubersdorf.de\/schulpage\/wp-content\/uploads\/2015\/11\/Theaterkooperation-1-150x150.jpg\" class=\"attachment-thumbnail size-thumbnail\" alt=\"\" decoding=\"async\" aria-describedby=\"gallery-1-13355\" loading=\"lazy\" \/><\/a>\n\t\t\t<\/dt>\n\t\t\t\t<dd class='wp-caption-text gallery-caption' id='gallery-1-13355'>\n\t\t\t\tDer Intendant und die Theaterp\u00e4dagoginnen\n\t\t\t\t<\/dd><\/dl><dl class='gallery-item'>\n\t\t\t<dt class='gallery-icon landscape'>\n\t\t\t\t<a href='https:\/\/www.vs-seubersdorf.de\/schulpage\/wp-content\/uploads\/2015\/11\/Theaterkooperation-2.jpg'><img width=\"150\" height=\"150\" src=\"https:\/\/www.vs-seubersdorf.de\/schulpage\/wp-content\/uploads\/2015\/11\/Theaterkooperation-2-150x150.jpg\" class=\"attachment-thumbnail size-thumbnail\" alt=\"\" decoding=\"async\" aria-describedby=\"gallery-1-13356\" loading=\"lazy\" \/><\/a>\n\t\t\t<\/dt>\n\t\t\t\t<dd class='wp-caption-text gallery-caption' id='gallery-1-13356'>\n\t\t\t\tEinf\u00fchrungsveranstaltung im Neuhaussaal\n\t\t\t\t<\/dd><\/dl><dl class='gallery-item'>\n\t\t\t<dt class='gallery-icon landscape'>\n\t\t\t\t<a href='https:\/\/www.vs-seubersdorf.de\/schulpage\/wp-content\/uploads\/2015\/11\/Theaterkooperation-3.jpg'><img width=\"150\" height=\"150\" src=\"https:\/\/www.vs-seubersdorf.de\/schulpage\/wp-content\/uploads\/2015\/11\/Theaterkooperation-3-150x150.jpg\" class=\"attachment-thumbnail size-thumbnail\" alt=\"\" decoding=\"async\" aria-describedby=\"gallery-1-13357\" loading=\"lazy\" \/><\/a>\n\t\t\t<\/dt>\n\t\t\t\t<dd class='wp-caption-text gallery-caption' id='gallery-1-13357'>\n\t\t\t\tIm Kost\u00fcmfundus\n\t\t\t\t<\/dd><\/dl><br style=\"clear: both\" \/>\n\t\t<\/div>\n\n","protected":false},"excerpt":{"rendered":"<p>Am 26.11.2015 wurden im Theater Regensburg die neuen Kooperationsschulen vorgestellt. Und wir waren dabei &#8211; endlich!<\/p>\n","protected":false},"author":2,"featured_media":0,"comment_status":"closed","ping_status":"closed","sticky":false,"template":"","format":"standard","meta":{"footnotes":""},"categories":[7,3],"tags":[],"_links":{"self":[{"href":"https:\/\/www.vs-seubersdorf.de\/schulpage\/index.php?rest_route=\/wp\/v2\/posts\/13353"}],"collection":[{"href":"https:\/\/www.vs-seubersdorf.de\/schulpage\/index.php?rest_route=\/wp\/v2\/posts"}],"about":[{"href":"https:\/\/www.vs-seubersdorf.de\/schulpage\/index.php?rest_route=\/wp\/v2\/types\/post"}],"author":[{"embeddable":true,"href":"https:\/\/www.vs-seubersdorf.de\/schulpage\/index.php?rest_route=\/wp\/v2\/users\/2"}],"replies":[{"embeddable":true,"href":"https:\/\/www.vs-seubersdorf.de\/schulpage\/index.php?rest_route=%2Fwp%2Fv2%2Fcomments&post=13353"}],"version-history":[{"count":0,"href":"https:\/\/www.vs-seubersdorf.de\/schulpage\/index.php?rest_route=\/wp\/v2\/posts\/13353\/revisions"}],"wp:attachment":[{"href":"https:\/\/www.vs-seubersdorf.de\/schulpage\/index.php?rest_route=%2Fwp%2Fv2%2Fmedia&parent=13353"}],"wp:term":[{"taxonomy":"category","embeddable":true,"href":"https:\/\/www.vs-seubersdorf.de\/schulpage\/index.php?rest_route=%2Fwp%2Fv2%2Fcategories&post=13353"},{"taxonomy":"post_tag","embeddable":true,"href":"https:\/\/www.vs-seubersdorf.de\/schulpage\/index.php?rest_route=%2Fwp%2Fv2%2Ftags&post=13353"}],"curies":[{"name":"wp","href":"https:\/\/api.w.org\/{rel}","templated":true}]}}