{"id":13226,"date":"2015-10-26T18:52:03","date_gmt":"2015-10-26T17:52:03","guid":{"rendered":"http:\/\/www.vs-seubersdorf.de\/schulpage\/?p=13226"},"modified":"2015-10-26T18:52:03","modified_gmt":"2015-10-26T17:52:03","slug":"motto-des-monats-projekt-zur-sozialerziehung","status":"publish","type":"post","link":"https:\/\/www.vs-seubersdorf.de\/schulpage\/?p=13226","title":{"rendered":"Motto des Monats &#8211; Projekt zur Sozialerziehung"},"content":{"rendered":"<p><img decoding=\"async\" loading=\"lazy\" class=\"alignnone size-full wp-image-13227\" src=\"https:\/\/www.vs-seubersdorf.de\/schulpage\/wp-content\/uploads\/2015\/10\/Motto-des-Monats.jpg\" alt=\"Motto des Monats\" width=\"501\" height=\"238\" srcset=\"https:\/\/www.vs-seubersdorf.de\/schulpage\/wp-content\/uploads\/2015\/10\/Motto-des-Monats.jpg 501w, https:\/\/www.vs-seubersdorf.de\/schulpage\/wp-content\/uploads\/2015\/10\/Motto-des-Monats-300x143.jpg 300w\" sizes=\"(max-width: 501px) 100vw, 501px\" \/><\/p>\n<p>Nach dem Anfangsgong um 8 Uhr erschallte eine ungewohnte Melodie durch das Seubersdorfer Schulhaus und alle Sch\u00fcler fragten sich: \u201eWas ist denn heute an unserer Schule los?\u201c Gleich darauf ert\u00f6nten die Stimmen einiger Kinder der G4a durch die Lautsprecheranlage, die an alt bekannte Regeln w\u00e4hrend der Pause erinnerten.<\/p>\n<p><!--more--><\/p>\n<p>In der Schule sollen nicht nur Wissen und K\u00f6nnen vermittelt werden, besonders auch soziale Kompetenzen und die St\u00e4rkung von F\u00e4higkeiten im Umgang miteinander stellen einen wichtigen Baustein innerhalb des Unterrichts und der Erziehung der Sch\u00fcler dar. Schule ist ein entscheidendes und pr\u00e4gendes Lernfeld f\u00fcr soziale Kompetenzen. Deshalb hat Frau P\u00f6ppl zusammen mit Grundsch\u00fclern an der Seubersdorfer Schule das Projekt \u201e<strong>Motto des Monats\u201c<\/strong> ins Leben gerufen. Jeder Monat steht unter einem besonderen Thema, zum Beispiel Erziehung zur Toleranz, Hilfsbereitschaft, Freundlichkeit, Ordnung, Achtung der Umwelt, Regeln in der Pause, etc. Dadurch soll ein gutes Miteinander der Sch\u00fcler gef\u00f6rdert und deren Gesp\u00fcr f\u00fcr soziale Themen sensibilisiert werden. Besonders motivierend hierbei ist, dass jeweils eine Klasse eine Durchsage zu dem jeweiligen Thema gestaltet und diese durch einen sogenannten \u201eSeubersdorf-Jingle\u201c, den der Lehrer Markus Stark eigens kreiert hat, angek\u00fcndigt wird. Somit werden die Seubersdorfer Sch\u00fcler in kindgem\u00e4\u00dfer und freudvoller Weise an viele soziale Themen herangef\u00fchrt und deren soziale Kompetenzen erh\u00f6ht. (rp)<\/p>\n","protected":false},"excerpt":{"rendered":"<p>Nach dem Anfangsgong um 8 Uhr erschallte eine ungewohnte Melodie durch das Seubersdorfer Schulhaus und alle Sch\u00fcler fragten sich: \u201eWas&#46;&#46;&#46;<\/p>\n","protected":false},"author":2,"featured_media":0,"comment_status":"closed","ping_status":"closed","sticky":false,"template":"","format":"standard","meta":{"footnotes":""},"categories":[4,7],"tags":[],"_links":{"self":[{"href":"https:\/\/www.vs-seubersdorf.de\/schulpage\/index.php?rest_route=\/wp\/v2\/posts\/13226"}],"collection":[{"href":"https:\/\/www.vs-seubersdorf.de\/schulpage\/index.php?rest_route=\/wp\/v2\/posts"}],"about":[{"href":"https:\/\/www.vs-seubersdorf.de\/schulpage\/index.php?rest_route=\/wp\/v2\/types\/post"}],"author":[{"embeddable":true,"href":"https:\/\/www.vs-seubersdorf.de\/schulpage\/index.php?rest_route=\/wp\/v2\/users\/2"}],"replies":[{"embeddable":true,"href":"https:\/\/www.vs-seubersdorf.de\/schulpage\/index.php?rest_route=%2Fwp%2Fv2%2Fcomments&post=13226"}],"version-history":[{"count":0,"href":"https:\/\/www.vs-seubersdorf.de\/schulpage\/index.php?rest_route=\/wp\/v2\/posts\/13226\/revisions"}],"wp:attachment":[{"href":"https:\/\/www.vs-seubersdorf.de\/schulpage\/index.php?rest_route=%2Fwp%2Fv2%2Fmedia&parent=13226"}],"wp:term":[{"taxonomy":"category","embeddable":true,"href":"https:\/\/www.vs-seubersdorf.de\/schulpage\/index.php?rest_route=%2Fwp%2Fv2%2Fcategories&post=13226"},{"taxonomy":"post_tag","embeddable":true,"href":"https:\/\/www.vs-seubersdorf.de\/schulpage\/index.php?rest_route=%2Fwp%2Fv2%2Ftags&post=13226"}],"curies":[{"name":"wp","href":"https:\/\/api.w.org\/{rel}","templated":true}]}}