{"id":13189,"date":"2015-10-12T16:53:59","date_gmt":"2015-10-12T15:53:59","guid":{"rendered":"http:\/\/www.vs-seubersdorf.de\/schulpage\/?p=13189"},"modified":"2015-10-12T16:53:59","modified_gmt":"2015-10-12T15:53:59","slug":"ruecksicht-smv-thema-des-schuljahres-201516","status":"publish","type":"post","link":"https:\/\/www.vs-seubersdorf.de\/schulpage\/?p=13189","title":{"rendered":"R\u00fccksicht &#8211; SMV-Thema des Schuljahres 2015\/16"},"content":{"rendered":"<p><img decoding=\"async\" loading=\"lazy\" class=\"alignnone size-full wp-image-13192\" src=\"https:\/\/www.vs-seubersdorf.de\/schulpage\/wp-content\/uploads\/2015\/10\/SMV-Jahresthema.jpg\" alt=\"SMV-Jahresthema\" width=\"501\" height=\"237\" srcset=\"https:\/\/www.vs-seubersdorf.de\/schulpage\/wp-content\/uploads\/2015\/10\/SMV-Jahresthema.jpg 501w, https:\/\/www.vs-seubersdorf.de\/schulpage\/wp-content\/uploads\/2015\/10\/SMV-Jahresthema-300x142.jpg 300w\" sizes=\"(max-width: 501px) 100vw, 501px\" \/><\/p>\n<p>Die Mitglieder der SMV der Mittelschule Seubersdorf einigten sich bei ihrer ersten Sitzung im Schuljahr 2015\/16 auf das Jahresthema <strong><em>R\u00fccksicht.<\/em><\/strong><\/p>\n<p><!--more--><\/p>\n<p>Gleich zu Beginn des Schuljahres bittet die SMV alle Mitsch\u00fclerInnen um die Einhaltung der Pausenordnung. F\u00fcr eine erholsame Pause m\u00fcssen gewisse Regeln eingehalten werden. Deshalb entwarfen die SMV-Mitglieder ein Plakat, das noch einmal auf die wichtigsten Punkte aufmerksam machen m\u00f6chte.<\/p>\n<p>Die Klassensprecher werden dieses Thema gemeinsam mit den Klassenleitern in der Klasse thematisieren. Geplant sind in diesem Schuljahr au\u00dferdem ein V\u00f6lkerball-Turnier vor den Weihnachtsferien, eine Faschingsfeier in einer etwas anderen Form und <em>eventuell <\/em>ein Wintersporttag. Letzteres ist nat\u00fcrlich vom Wetter und der Zustimmung der Schulleitung abh\u00e4ngig. Die Weihnachtsp\u00e4ckchenaktion mit den Johannitern wird als Tradition weitergef\u00fchrt.<\/p>\n<p>Als Erfolg kann die SMV in diesem Jahr bereits verbuchen, dass der Basketballkorb im MS-Pausenhof wieder aktiviert wurde. Den Ball verwaltet Jonathan Ruckser aus der 9. Klasse. (dl)<\/p>\n","protected":false},"excerpt":{"rendered":"<p>Die Mitglieder der SMV der Mittelschule Seubersdorf einigten sich bei ihrer ersten Sitzung im Schuljahr 2015\/16 auf das Jahresthema R\u00fccksicht.<\/p>\n","protected":false},"author":2,"featured_media":0,"comment_status":"closed","ping_status":"closed","sticky":false,"template":"","format":"standard","meta":{"footnotes":""},"categories":[3,9],"tags":[],"_links":{"self":[{"href":"https:\/\/www.vs-seubersdorf.de\/schulpage\/index.php?rest_route=\/wp\/v2\/posts\/13189"}],"collection":[{"href":"https:\/\/www.vs-seubersdorf.de\/schulpage\/index.php?rest_route=\/wp\/v2\/posts"}],"about":[{"href":"https:\/\/www.vs-seubersdorf.de\/schulpage\/index.php?rest_route=\/wp\/v2\/types\/post"}],"author":[{"embeddable":true,"href":"https:\/\/www.vs-seubersdorf.de\/schulpage\/index.php?rest_route=\/wp\/v2\/users\/2"}],"replies":[{"embeddable":true,"href":"https:\/\/www.vs-seubersdorf.de\/schulpage\/index.php?rest_route=%2Fwp%2Fv2%2Fcomments&post=13189"}],"version-history":[{"count":0,"href":"https:\/\/www.vs-seubersdorf.de\/schulpage\/index.php?rest_route=\/wp\/v2\/posts\/13189\/revisions"}],"wp:attachment":[{"href":"https:\/\/www.vs-seubersdorf.de\/schulpage\/index.php?rest_route=%2Fwp%2Fv2%2Fmedia&parent=13189"}],"wp:term":[{"taxonomy":"category","embeddable":true,"href":"https:\/\/www.vs-seubersdorf.de\/schulpage\/index.php?rest_route=%2Fwp%2Fv2%2Fcategories&post=13189"},{"taxonomy":"post_tag","embeddable":true,"href":"https:\/\/www.vs-seubersdorf.de\/schulpage\/index.php?rest_route=%2Fwp%2Fv2%2Ftags&post=13189"}],"curies":[{"name":"wp","href":"https:\/\/api.w.org\/{rel}","templated":true}]}}