{"id":12729,"date":"2015-05-23T21:59:40","date_gmt":"2015-05-23T20:59:40","guid":{"rendered":"http:\/\/www.vs-seubersdorf.de\/schulpage\/?p=12729"},"modified":"2015-06-15T11:54:12","modified_gmt":"2015-06-15T10:54:12","slug":"projektpruefung-im-fach-technik","status":"publish","type":"post","link":"https:\/\/www.vs-seubersdorf.de\/schulpage\/?p=12729","title":{"rendered":"Projektpr\u00fcfung im Fach Technik"},"content":{"rendered":"<p><img decoding=\"async\" loading=\"lazy\" class=\"alignnone wp-image-12730 size-full\" src=\"https:\/\/www.vs-seubersdorf.de\/schulpage\/wp-content\/uploads\/2015\/06\/Projektpr\u00fcfung-Technik.jpg\" alt=\"OLYMPUS DIGITAL CAMERA\" width=\"501\" height=\"232\" srcset=\"https:\/\/www.vs-seubersdorf.de\/schulpage\/wp-content\/uploads\/2015\/06\/Projektpr\u00fcfung-Technik.jpg 501w, https:\/\/www.vs-seubersdorf.de\/schulpage\/wp-content\/uploads\/2015\/06\/Projektpr\u00fcfung-Technik-300x139.jpg 300w\" sizes=\"(max-width: 501px) 100vw, 501px\" \/><\/p>\n<p>Bereits vor den Pfingstferien fand die Projektpr\u00fcfung vom 18.05 \u2013 21.05.15 im Fach Technik statt.<\/p>\n<p><!--more--><\/p>\n<p>Die Sch\u00fcler mussten w\u00e4hrend der Planungsphase eine Ideensammlung f\u00fcr das geforderte Werkst\u00fcck \u201eGarderobe\u201c durchf\u00fchren. St\u00fcckliste, Skizze und eine Technische Zeichnung durften dazu auch nicht fehlen. Der n\u00e4chste Tag war f\u00fcr die Herstellung eingeplant. Am Mittwoch mussten die Unterlagen, Bilder, Zeichnungen und AWT-L\u00f6sungen in Power Point integriert werden. Donnerstags hatte jeder Sch\u00fcler Gelegenheit, mit Hilfe von PP sein Werkst\u00fcck entsprechend zu pr\u00e4sentieren. (ps)<\/p>\n<p><img decoding=\"async\" loading=\"lazy\" class=\"alignnone size-full wp-image-12731\" src=\"https:\/\/www.vs-seubersdorf.de\/schulpage\/wp-content\/uploads\/2015\/06\/Projektpr\u00fcfung_Technik.jpg\" alt=\"OLYMPUS DIGITAL CAMERA\" width=\"500\" height=\"375\" srcset=\"https:\/\/www.vs-seubersdorf.de\/schulpage\/wp-content\/uploads\/2015\/06\/Projektpr\u00fcfung_Technik.jpg 500w, https:\/\/www.vs-seubersdorf.de\/schulpage\/wp-content\/uploads\/2015\/06\/Projektpr\u00fcfung_Technik-300x225.jpg 300w\" sizes=\"(max-width: 500px) 100vw, 500px\" \/><\/p>\n","protected":false},"excerpt":{"rendered":"<p>Bereits vor den Pfingstferien fand die Projektpr\u00fcfung vom 18.05 \u2013 21.05.15 im Fach Technik statt.<\/p>\n","protected":false},"author":2,"featured_media":0,"comment_status":"closed","ping_status":"closed","sticky":false,"template":"","format":"standard","meta":{"footnotes":""},"categories":[8,4,7],"tags":[122],"_links":{"self":[{"href":"https:\/\/www.vs-seubersdorf.de\/schulpage\/index.php?rest_route=\/wp\/v2\/posts\/12729"}],"collection":[{"href":"https:\/\/www.vs-seubersdorf.de\/schulpage\/index.php?rest_route=\/wp\/v2\/posts"}],"about":[{"href":"https:\/\/www.vs-seubersdorf.de\/schulpage\/index.php?rest_route=\/wp\/v2\/types\/post"}],"author":[{"embeddable":true,"href":"https:\/\/www.vs-seubersdorf.de\/schulpage\/index.php?rest_route=\/wp\/v2\/users\/2"}],"replies":[{"embeddable":true,"href":"https:\/\/www.vs-seubersdorf.de\/schulpage\/index.php?rest_route=%2Fwp%2Fv2%2Fcomments&post=12729"}],"version-history":[{"count":0,"href":"https:\/\/www.vs-seubersdorf.de\/schulpage\/index.php?rest_route=\/wp\/v2\/posts\/12729\/revisions"}],"wp:attachment":[{"href":"https:\/\/www.vs-seubersdorf.de\/schulpage\/index.php?rest_route=%2Fwp%2Fv2%2Fmedia&parent=12729"}],"wp:term":[{"taxonomy":"category","embeddable":true,"href":"https:\/\/www.vs-seubersdorf.de\/schulpage\/index.php?rest_route=%2Fwp%2Fv2%2Fcategories&post=12729"},{"taxonomy":"post_tag","embeddable":true,"href":"https:\/\/www.vs-seubersdorf.de\/schulpage\/index.php?rest_route=%2Fwp%2Fv2%2Ftags&post=12729"}],"curies":[{"name":"wp","href":"https:\/\/api.w.org\/{rel}","templated":true}]}}